{"id":947,"date":"2007-09-20T10:32:44","date_gmt":"2007-09-20T10:32:44","guid":{"rendered":"http:\/\/inacreditavel.ioio.info\/?p=947"},"modified":"2007-09-20T10:37:29","modified_gmt":"2007-09-20T10:37:29","slug":"o-direito-ao-f-se","status":"publish","type":"post","link":"http:\/\/www.inacreditavel.pt\/?p=947","title":{"rendered":"O Direito ao F***-se"},"content":{"rendered":"<p>Tem circulado por a\u00ed um texto com alegadamente de Mill\u00f4r Fernandes, cuja autoria o mesmo j\u00e1 <a href=\"http:\/\/www2.uol.com.br\/millor\/aberto\/textos\/005\/005.htm\">negou<\/a>, mas que vale sempre a pena ler. J\u00e1 surgiu em v\u00e1rios blogs e o nosso n\u00e3o podia ficar atr\u00e1s!<\/p>\n<p>Vou\u00a0transcrev\u00ea-lo, e deixar um <a href=\"http:\/\/www.inacreditavel.pt\/wp-content\/uploads\/sites\/17\/2007\/09\/direitoaofoda-se.pdf\" title=\"Direito ao Foda-se\">link<\/a> para um pdf para poderem, goz\u00e1-lo nas vossas horas de tranquilidade.<\/p>\n<p>&#8212;&#8212;&#8212;&#8212;&#8212;&#8212;&#8212;&#8212;&#8212;&#8212;&#8212;&#8212;&#8212;&#8212;&#8212;&#8212;&#8212;&#8212;&#8212;&#8212;&#8212;&#8212;&#8212;&#8212;&#8212;&#8212;&#8212;&#8212;&#8212;&#8212;&#8212;&#8212;&#8211;<br \/>\nO Direito ao foda-se<\/p>\n<p>I<br \/>\nO n\u00edvel de stress de uma pessoa \u00e9 inversamente proporcional \u00e0 quantidade de &#8220;foda-se!&#8221; que ela diz.<br \/>\nExiste algo mais libert\u00e1rio do que o conceito do &#8220;foda-se!&#8221;?<br \/>\nO &#8220;foda-se!&#8221; aumenta a minha auto-estima, torna-me uma pessoa melhor.<br \/>\nReorganiza as coisas. Liberta-me.<br \/>\n&#8220;N\u00e3o quer sair comigo?! \u2013 ent\u00e3o, foda-se!&#8221;<br \/>\n&#8220;Vai querer mesmo decidir essa merda sozinho(a)?! \u2013 ent\u00e3o, foda-se!&#8221;<br \/>\nO direito ao &#8220;foda-se!&#8221; deveria estar assegurado na Constitui\u00e7\u00e3o. Os palavr\u00f5es n\u00e3o nasceram por acaso. S\u00e3o recursos extremamente v\u00e1lidos e criativos para dotar o nosso vocabul\u00e1rio de express\u00f5es que traduzem com a maior fidelidade os nossos mais fortes e genu\u00ednos sentimentos. \u00c9 o povo a fazer a sua l\u00edngua.<br \/>\nComo o Latim vulgar, ser\u00e1 esse Portugu\u00eas vulgar que vingar\u00e1 plenamente um dia.<br \/>\n&#8220;Com\u00f3 caralho&#8221;, por exemplo. Que express\u00e3o traduz melhor a ideia de muita quantidade que &#8220;com\u00f3 caralho&#8221;?<br \/>\n&#8220;Com\u00f3 caralho&#8221; tende para o infinito, \u00e9 quase uma express\u00e3o matem\u00e1tica.<\/p>\n<p>II<br \/>\nA Via L\u00e1ctea tem estrelas com\u00f3 caralho!<br \/>\nO Sol est\u00e1 quente com\u00f3 caralho!<br \/>\nO universo \u00e9 antigo com\u00f3 caralho!<br \/>\nEu gosto do meu clube com\u00f3 caralho!<br \/>\nO gajo \u00e9 parvo com\u00f3 caralho!<\/p>\n<p>Entendes?<br \/>\nNo g\u00e9nero do &#8220;com\u00f3 caralho&#8221;, mas, no caso, expressando a mais absoluta nega\u00e7\u00e3o, est\u00e1 o famoso &#8220;nem que te fodas!&#8221;.<br \/>\nNem o &#8220;N\u00e3o, n\u00e3o e n\u00e3o!&#8221; e t\u00e3o pouco o nada eficaz e j\u00e1 sem nenhuma credibilidade &#8220;N\u00e3o, nem pensar!&#8221; o substituem.<br \/>\nO &#8220;nem que te fodas!&#8221; \u00e9 irretorqu\u00edvel e liquida o assunto.<br \/>\nLiberta-te, com a consci\u00eancia tranquila, para outras actividades de maior interesse na tua vida.<br \/>\nAquele filho pintelho de 17 anos atormenta-te pedindo o carro para ir surfar na praia? N\u00e3o percas tempo nem paci\u00eancia.<br \/>\nSolta logo um definitivo: &#8220;Huguinho, presta aten\u00e7\u00e3o, filho querido, nem que te fodas!&#8221;.<br \/>\nO impertinente aprende logo a li\u00e7\u00e3o e vai para o Centro Comercial encontrar-se com os amigos, sem qualquer problema, e tu fechas os olhos e voltas a curtir o CD (&#8230;)<br \/>\nH\u00e1 outros palavr\u00f5es igualmente cl\u00e1ssicos.<br \/>\nPense na sonoridade de um &#8220;Puta que pariu!&#8221;, ou o seu correlativo &#8220;Pu-ta-que-o-pa-riu!&#8221;, falado assim, cadenciadamente, s\u00edlaba por s\u00edlaba.<br \/>\nDiante de uma not\u00edcia irritante, qualquer &#8220;puta-que-o-pariu!&#8221;, dito<br \/>\nassim, p\u00f5e-te outra vez nos eixos.<br \/>\nOs teus neur\u00f3nios t\u00eam o devido tempo e clima para se reorganizarem e encontrarem a atitude que te permitir\u00e1 dar um merecido troco ou livrares-te de maiores dores de cabe\u00e7a.<br \/>\nE o que dizer do nosso famoso &#8220;vai levar no cu!&#8221;? E a sua maravilhosa e refor\u00e7adora deriva\u00e7\u00e3o &#8220;vai levar no olho do cu!&#8221;?<br \/>\nJ\u00e1 imaginaste o bem que algu\u00e9m faz a si pr\u00f3prio e aos seus quando, passado o limite do suport\u00e1vel, se dirige ao canalha de seu interlocutor e solta:<br \/>\n&#8220;Chega! Vai levar no olho do cu!&#8221;?<\/p>\n<p>III<br \/>\nPronto, tu retomaste as r\u00e9deas da tua vida, a tua auto-estima.<br \/>\nDesabotoas a camisa e sais \u00e0 rua, vento batendo na face, olhar firme, cabe\u00e7a erguida, um delicioso sorriso de vit\u00f3ria e renovado amor-\u00edntimo nos l\u00e1bios.<br \/>\nE seria tremendamente injusto n\u00e3o registar aqui a express\u00e3o de maior poder de defini\u00e7\u00e3o do Portugu\u00eas Vulgar: &#8220;Fodeu-se!&#8221;. E a sua deriva\u00e7\u00e3o, mais avassaladora ainda: &#8220;J\u00e1 se fodeu!&#8221;.<br \/>\nConheces defini\u00e7\u00e3o mais exacta, pungente e arrasadora para uma situa\u00e7\u00e3o que atingiu o grau m\u00e1ximo imagin\u00e1vel de amea\u00e7adora complica\u00e7\u00e3o?<br \/>\nExpress\u00e3o, inclusiv\u00e9, que uma vez proferida insere o seu autor num providencial contexto interior de alerta e auto-defesa. Algo assim como quando est\u00e1s a sem documentos do carro, sem carta de condu\u00e7\u00e3o e ouves uma sirene de pol\u00edcia atr\u00e1s de ti a mandar-te parar. O que dizes? &#8220;J\u00e1 me fodi!&#8221;<br \/>\nOu quando te apercebes que \u00e9s de um pa\u00eds em que quase nada funciona, o desemprego n\u00e3o baixa, os impostos s\u00e3o altos, a sa\u00fade, a educa\u00e7\u00e3o e \u2026 a justi\u00e7a s\u00e3o de baixa qualidade, os empres\u00e1rios s\u00e3o de pouca qualidade e procuram o lucro f\u00e1cil e em pouco tempo, as reformas t\u00eam que baixar, o tempo para a desejada reforma tem que aumentar \u2026 tu pensas \u201cJ\u00e1 me fodi!\u201d<\/p>\n<p>Ent\u00e3o:<\/p>\n<p>Liberdade,<br \/>\nIgualdade,<br \/>\nFraternidade<br \/>\ne<br \/>\nfoda-se!!!<\/p>\n<p>Mas n\u00e3o desespere:<\/p>\n<p>Este pa\u00eds \u2026 ainda vai ser \u201cum pa\u00eds do caralho!\u201d<\/p>\n<p>Atente no que lhe digo!<br \/>\n&#8212;&#8212;&#8212;&#8212;&#8212;&#8212;&#8212;&#8212;&#8212;&#8212;&#8212;&#8212;&#8212;&#8212;&#8212;&#8212;&#8212;&#8212;&#8212;&#8212;&#8212;&#8212;&#8212;&#8212;&#8212;&#8212;&#8212;&#8212;&#8212;&#8212;&#8212;&#8212;&#8211;<\/p>\n<p>(Fim de transcri\u00e7\u00e3o)<\/p>\n","protected":false},"excerpt":{"rendered":"<p>Tem circulado por a\u00ed um texto com alegadamente de Mill\u00f4r Fernandes, cuja autoria o mesmo j\u00e1 negou, mas que vale sempre a pena ler. J\u00e1 surgiu em v\u00e1rios blogs e o nosso n\u00e3o podia ficar atr\u00e1s! Vou\u00a0transcrev\u00ea-lo, e deixar um link para um pdf para poderem, goz\u00e1-lo nas vossas horas de tranquilidade. &#8212;&#8212;&#8212;&#8212;&#8212;&#8212;&#8212;&#8212;&#8212;&#8212;&#8212;&#8212;&#8212;&#8212;&#8212;&#8212;&#8212;&#8212;&#8212;&#8212;&#8212;&#8212;&#8212;&#8212;&#8212;&#8212;&#8212;&#8212;&#8212;&#8212;&#8212;&#8212;&#8211; O Direito [&hellip;]<\/p>\n","protected":false},"author":4,"featured_media":0,"comment_status":"open","ping_status":"closed","sticky":false,"template":"","format":"standard","meta":{"footnotes":""},"categories":[18,6,14],"tags":[],"_links":{"self":[{"href":"http:\/\/www.inacreditavel.pt\/index.php?rest_route=\/wp\/v2\/posts\/947"}],"collection":[{"href":"http:\/\/www.inacreditavel.pt\/index.php?rest_route=\/wp\/v2\/posts"}],"about":[{"href":"http:\/\/www.inacreditavel.pt\/index.php?rest_route=\/wp\/v2\/types\/post"}],"author":[{"embeddable":true,"href":"http:\/\/www.inacreditavel.pt\/index.php?rest_route=\/wp\/v2\/users\/4"}],"replies":[{"embeddable":true,"href":"http:\/\/www.inacreditavel.pt\/index.php?rest_route=%2Fwp%2Fv2%2Fcomments&post=947"}],"version-history":[{"count":0,"href":"http:\/\/www.inacreditavel.pt\/index.php?rest_route=\/wp\/v2\/posts\/947\/revisions"}],"wp:attachment":[{"href":"http:\/\/www.inacreditavel.pt\/index.php?rest_route=%2Fwp%2Fv2%2Fmedia&parent=947"}],"wp:term":[{"taxonomy":"category","embeddable":true,"href":"http:\/\/www.inacreditavel.pt\/index.php?rest_route=%2Fwp%2Fv2%2Fcategories&post=947"},{"taxonomy":"post_tag","embeddable":true,"href":"http:\/\/www.inacreditavel.pt\/index.php?rest_route=%2Fwp%2Fv2%2Ftags&post=947"}],"curies":[{"name":"wp","href":"https:\/\/api.w.org\/{rel}","templated":true}]}}