{"id":747,"date":"2007-07-11T16:14:49","date_gmt":"2007-07-11T16:14:49","guid":{"rendered":"http:\/\/inacreditavel.ioio.info\/?p=747"},"modified":"2007-07-11T16:19:01","modified_gmt":"2007-07-11T16:19:01","slug":"magoas-do-quotidiano","status":"publish","type":"post","link":"http:\/\/www.inacreditavel.pt\/?p=747","title":{"rendered":"M\u00e1goas do Quotidiano"},"content":{"rendered":"<p>Um <a href=\"http:\/\/it.wikipedia.org\/wiki\/Carlo_Maria_Cipolla\">tipo com estudos<\/a> num dia em que, prov\u00e1velmente, teve de se dirigir a alguma reparti\u00e7\u00e3o, discutir com uma &#8220;parede&#8221; ou simplesmente entrar de t\u00e9nis num restaurante, enunciou\u00a0h\u00e1 quase vinte anos, uma teoria com os seguintes <em>principia<\/em>:<\/p>\n<ol>\n<li><em>Cada um de n\u00f3s subestima sempre e inevitavelmente o n\u00famero de indiv\u00ed\u00adduos est\u00fapidos em circula\u00e7\u00e3o.<\/em><\/li>\n<li><em>A probabilidade de um dado\u00a0indiv\u00ed\u00adduo ser est\u00fapido\u00a0\u00e9 independente de qualquer outra caracter\u00ed\u00adstica desse indiv\u00edduo. <\/em><\/li>\n<li><em>Uma pessoa\u00a0\u00e9 est\u00fapida se causa dano a outra ou a um grupo de pessoas sem obter qualquer ganho para si ou, o que\u00a0\u00e9 pior, se causa algum\u00a0dano a ela pr\u00f3pria no processo.<\/em><\/li>\n<li><em>Os n\u00e3o-est\u00fapidos subestimam sempre o potencial de preju\u00ed\u00adzo das pessoas est\u00fapidas; esquecem constantemente que, em qualquer altura ou lugar e sob qualquer circunst\u00e2ncia, lidar ou associar-se\u00a0a indiv\u00edduos est\u00fapidos constitui invariavelmente um erro com custos elevados.<\/em><\/li>\n<li><em>Uma pessoa est\u00fapida\u00a0\u00e9 o tipo de pessoa mais perigoso que existe.<\/em><\/li>\n<\/ol>\n<p>Considerou\u00a0o terceiro principio como a regra de ouro.<\/p>\n<p>Nas not\u00ed\u00adcias ouve-se\u00a0que Portugal\u00a0ser\u00e1 o pa\u00ed\u00ads de toda a Uni\u00e3o que\u00a0ir\u00e1 ter o aumento de rendimento m\u00e9dio da popula\u00e7\u00e3o mais <a href=\"http:\/\/ultimahora.publico.clix.pt\/noticia.aspx?id=1297178\">baixo<\/a>, apesar de um propalado aumento da produtividade (segundo o <a href=\"http:\/\/www.ine.pt\/prodserv\/destaque\/2007\/d070608-2\/d070608-2.pdf\">INE<\/a> o PIB aumentou 2% no primeiro trimestre). Um <a href=\"http:\/\/www.ugt.pt\/SG.htm\">leader<\/a>\u00a0duma <a href=\"http:\/\/www.ugt.pt\/\">central de sindicatos<\/a> &#8220;moderados&#8221; (e, agora,\u00a0pr\u00f3xima do governo da nossa aldeia) vem, escandalizado, dizer que\u00a0h\u00e1 dez anos (10!!) que os trabalhadores andam a ser enganados. Nunca tendo o senhor tomado posi\u00e7\u00e3o\u00a0de for\u00e7a nestas mat\u00e9rias, preocupando-se\u00a0apenas com a competi\u00e7\u00e3o com a\u00a0<a href=\"http:\/\/www.cgtp.pt\/index.php\">central mais vermelhusca<\/a>.\u00a0Pergunto-me: essa central existir\u00e1, ou\u00a0\u00e9 s\u00f3 uma fachada\u00a0para nos fazer de est\u00fapidos?<\/p>\n<p>Venho para a <a href=\"http:\/\/pt.wikipedia.org\/wiki\/Lisboa\">Cidade<\/a> vindo do <a href=\"http:\/\/pt.wikipedia.org\/wiki\/Pen%C3%ADnsula_de_Set%C3%BAbal\">deserto<\/a>. A uma esquina daquela <a href=\"http:\/\/pt.wikipedia.org\/wiki\/Almada\">cidade de tijolos de adobe<\/a> one moro dois oper\u00e1rios marcam uma obra com dois baldes (pretos) min\u00fasculos cheios de areia. Trabalham calmamente na borda do passeio. Por pouco n\u00e3o bati&#8230;<\/p>\n<p>A caminho da ponte para a Cidade,\u00a0um tipo, vendo que o ia ultrapassar pela direita acelera arricando um acidente est\u00fapido\u00a0\u00e0 entrada do tabuleiro da ponte.<\/p>\n<p>Invariavelmente uma pessoa que diz querer uma rela\u00e7\u00e3o cordial inicia, quase invariavelmente, di\u00e0logos de forma intempestiva, agressiva e insultuosa. Por vezes (muitas vezes at\u00e9) obt\u00e9m respostas no mesmo tom. Quer outro tipo de resultado espera?<\/p>\n<p>Atrav\u00e9s de uma s\u00e9rie de comentadores (habilitados, aten\u00e7\u00e3o!!) vendem-nos liberalismos, privatiza\u00e7\u00f5es com\u00a0pseudo-ganhos de efici\u00eancia e outras balelas do g\u00e9nero, incluindo cart\u00f5es \u00fanicos. Isto em simult\u00e2neo com promessas de abaixamento de impostos, pre\u00e7os (qu&#8217;\u00e9 melhor pr\u00f3 consumidor) e melhoria das condi\u00e7\u00f5e de vida. Na realidade passamos a ganhar menos, os pre\u00e7os n\u00e3o se deixam enganar, temos menos liberdade e pagamos mais impostos ao mesmo tempo que nos enterramos em mais d\u00edvidas. Mas continuamos a votar, invariavelmente, nos mesmos partidos desmaiados que nos governam, alternadamente, h\u00e1\u00a030 anos.<\/p>\n","protected":false},"excerpt":{"rendered":"<p>Um tipo com estudos num dia em que, prov\u00e1velmente, teve de se dirigir a alguma reparti\u00e7\u00e3o, discutir com uma &#8220;parede&#8221; ou simplesmente entrar de t\u00e9nis num restaurante, enunciou\u00a0h\u00e1 quase vinte anos, uma teoria com os seguintes principia: Cada um de n\u00f3s subestima sempre e inevitavelmente o n\u00famero de indiv\u00ed\u00adduos est\u00fapidos em circula\u00e7\u00e3o. A probabilidade de [&hellip;]<\/p>\n","protected":false},"author":8,"featured_media":0,"comment_status":"open","ping_status":"open","sticky":false,"template":"","format":"standard","meta":{"footnotes":""},"categories":[18,1],"tags":[],"_links":{"self":[{"href":"http:\/\/www.inacreditavel.pt\/index.php?rest_route=\/wp\/v2\/posts\/747"}],"collection":[{"href":"http:\/\/www.inacreditavel.pt\/index.php?rest_route=\/wp\/v2\/posts"}],"about":[{"href":"http:\/\/www.inacreditavel.pt\/index.php?rest_route=\/wp\/v2\/types\/post"}],"author":[{"embeddable":true,"href":"http:\/\/www.inacreditavel.pt\/index.php?rest_route=\/wp\/v2\/users\/8"}],"replies":[{"embeddable":true,"href":"http:\/\/www.inacreditavel.pt\/index.php?rest_route=%2Fwp%2Fv2%2Fcomments&post=747"}],"version-history":[{"count":0,"href":"http:\/\/www.inacreditavel.pt\/index.php?rest_route=\/wp\/v2\/posts\/747\/revisions"}],"wp:attachment":[{"href":"http:\/\/www.inacreditavel.pt\/index.php?rest_route=%2Fwp%2Fv2%2Fmedia&parent=747"}],"wp:term":[{"taxonomy":"category","embeddable":true,"href":"http:\/\/www.inacreditavel.pt\/index.php?rest_route=%2Fwp%2Fv2%2Fcategories&post=747"},{"taxonomy":"post_tag","embeddable":true,"href":"http:\/\/www.inacreditavel.pt\/index.php?rest_route=%2Fwp%2Fv2%2Ftags&post=747"}],"curies":[{"name":"wp","href":"https:\/\/api.w.org\/{rel}","templated":true}]}}