{"id":684,"date":"2007-06-08T10:16:36","date_gmt":"2007-06-08T10:16:36","guid":{"rendered":"http:\/\/inacreditavel.ioio.info\/?p=684"},"modified":"2007-06-08T10:35:34","modified_gmt":"2007-06-08T10:35:34","slug":"reforma-aos-quarenta-ja","status":"publish","type":"post","link":"http:\/\/www.inacreditavel.pt\/?p=684","title":{"rendered":"Reforma aos quarenta, ja&#8217;!!"},"content":{"rendered":"<p>Tia-av\u00f3! \ud83d\ude42 Isso \u00e9 fabuloso!!<br \/>\n&#8211; &#8211; &#8211;<br \/>\nO governo procura convencer-nos a aumentar a idade da reforma. Tss, tss, tss. Atitude mesquinha e desprez\u00edvel. Med\u00edocre mesmo. A desculpa \u00e9 a sustentabilidade da seguran\u00e7a social. Pois se ele h\u00e1 gajos com 30.000 de reforma&#8230;! Sustentabilidade, dizem eles. C\u00e1 para mim. em bom portugu\u00eas, \u00e9 outra coisa. Uma esp\u00e9cie de &#8220;Chupistas!, gatunos! A reforma da minha av\u00f3 \u00e9 que eles n\u00e3o aumentam&#8221;, como diriam os gatos.<br \/>\nConsideremos as perspectivas que se abrem com o prolongamento da vida activa. Se a espera\u00e7a de vida fosse quarenta anos e a reforma aos sessenta e cinco, tudo funcionaria bem. A propor\u00e7\u00e3o financeira (despesas com Seg. Social\/receitas da popula\u00e7\u00e3o activa) garantiria a sustentabilidade do sistema, pois seria menor que um. Mas agora, com o prolongamento da esperan\u00e7a de vida, vamos todos procurar ser bisav\u00f3s. A propor\u00e7\u00e3o financeira anterior ultrapassa o valor cr\u00edtico de um. Fica insustent\u00e1vel. A solu\u00e7\u00e3o med\u00edocre \u00e9 aumentar o tempo de vida activo, procurando baixar a dita propor\u00e7\u00e3o novamente para valor inferiores a um. Mas isso vai dificultar a entrada dos jovens no primeiro emprego. E aumentar as depesas com a Seg. Social, devido \u00e0 quantidade de jovens que n\u00e3o conseguem o primeiro emprego. <\/p>\n<p>O sistema actual est\u00e1 mal porque n\u00e3o consegue gerar riqueza suficiente \u00e0s car\u00eancias da sociedade.<br \/>\nQuanto mais cedo nos reformarmos, mais cedo podemos fazer uma segunda carreira, algo impens\u00e1vel quando a esperan\u00e7a de vida era 40 anos.<br \/>\n&#8211; &#8211; &#8211;<br \/>\nConsideremos a reforma aos quarenta. Iria certamente contribuir para diminuir o problema social do inemprego, o desemprego juvenil antes do primeiro emprego. Quantos jovens, que terminaram os estudos, se sentem inempreg\u00e1veis?<br \/>\nPor outro lado, quem se reformasse aos quarenta, n\u00e3o ia ficar inactivo. Ia inventar novos empregos, criar novas oportunidades. S\u00e3o pessoas com vitalidade, que n\u00e3o iam ficar no sof\u00e1. Quando chegassem aos sessenta, setenta, iriam reformar-se definitivamente.<br \/>\nOs que preferissem o sof\u00e1 aos quarenta iriam sair do sistema, trocando com um jovem desempregado. N\u00e3o agravariam a situa\u00e7\u00e3o.<br \/>\nOs que preferissem trabalhar iriam contribuir, equilibrando com os seus proveitos activos a reforma que usufru\u00edam, continuando a situa\u00e7\u00e3o equilibrada.<br \/>\nAl\u00e9m disso, em muitos muitos casos, ao voltarem a trabalhar, iriam usar a sua experi\u00eancia e capacidade para criar novas empresas, novas actividades, que fomentariam o desenvolvimento econ\u00f3mico e a cria\u00e7\u00e3o de riqueza.<br \/>\n&#8211; &#8211; &#8211;<br \/>\nO sistema produziria assim mais riqueza, permitindo uma melhor sociedade, com menos car\u00eancias.<\/p>\n","protected":false},"excerpt":{"rendered":"<p>Tia-av\u00f3! \ud83d\ude42 Isso \u00e9 fabuloso!! &#8211; &#8211; &#8211; O governo procura convencer-nos a aumentar a idade da reforma. Tss, tss, tss. Atitude mesquinha e desprez\u00edvel. Med\u00edocre mesmo. A desculpa \u00e9 a sustentabilidade da seguran\u00e7a social. Pois se ele h\u00e1 gajos com 30.000 de reforma&#8230;! Sustentabilidade, dizem eles. C\u00e1 para mim. em bom portugu\u00eas, \u00e9 outra [&hellip;]<\/p>\n","protected":false},"author":3,"featured_media":0,"comment_status":"open","ping_status":"open","sticky":false,"template":"","format":"standard","meta":{"footnotes":""},"categories":[13,6,14],"tags":[],"_links":{"self":[{"href":"http:\/\/www.inacreditavel.pt\/index.php?rest_route=\/wp\/v2\/posts\/684"}],"collection":[{"href":"http:\/\/www.inacreditavel.pt\/index.php?rest_route=\/wp\/v2\/posts"}],"about":[{"href":"http:\/\/www.inacreditavel.pt\/index.php?rest_route=\/wp\/v2\/types\/post"}],"author":[{"embeddable":true,"href":"http:\/\/www.inacreditavel.pt\/index.php?rest_route=\/wp\/v2\/users\/3"}],"replies":[{"embeddable":true,"href":"http:\/\/www.inacreditavel.pt\/index.php?rest_route=%2Fwp%2Fv2%2Fcomments&post=684"}],"version-history":[{"count":0,"href":"http:\/\/www.inacreditavel.pt\/index.php?rest_route=\/wp\/v2\/posts\/684\/revisions"}],"wp:attachment":[{"href":"http:\/\/www.inacreditavel.pt\/index.php?rest_route=%2Fwp%2Fv2%2Fmedia&parent=684"}],"wp:term":[{"taxonomy":"category","embeddable":true,"href":"http:\/\/www.inacreditavel.pt\/index.php?rest_route=%2Fwp%2Fv2%2Fcategories&post=684"},{"taxonomy":"post_tag","embeddable":true,"href":"http:\/\/www.inacreditavel.pt\/index.php?rest_route=%2Fwp%2Fv2%2Ftags&post=684"}],"curies":[{"name":"wp","href":"https:\/\/api.w.org\/{rel}","templated":true}]}}