{"id":4265,"date":"2008-11-19T17:15:38","date_gmt":"2008-11-19T17:15:38","guid":{"rendered":"http:\/\/inacreditavel.ioio.info\/?p=4265"},"modified":"2008-11-19T18:44:14","modified_gmt":"2008-11-19T18:44:14","slug":"a-casa-ecologica","status":"publish","type":"post","link":"http:\/\/www.inacreditavel.pt\/?p=4265","title":{"rendered":"A casa ecol\u00f3gica"},"content":{"rendered":"<p>Segue a lista de t\u00f3picos para a casa ecol\u00f3gica que estou a construir. O objectivo \u00e9 ter um consumo baixo de recursos externos, produzir recursos internamente e produzir o m\u00ednimo de detritos para o exterior.<\/p>\n<p><strong>\u00c1gua<\/strong><\/p>\n<p>Recolha da \u00e1gua da chuva numa cisterna ou dep\u00f3sito. Esta \u00e1gua pode ser utilizada nas sanitas, na rega e na m\u00e1quina de lavar roupa.<\/p>\n<ul>\n<li><a href=\"http:\/\/www.ecoagua.pt\/\">Eco\u00e1gua<\/a><\/li>\n<\/ul>\n<p>Mini-etar compacta para tratar todas as \u00e1guas residuais. As \u00e1guas tratadas pela etar dever\u00e3o ser armazenadas num dep\u00f3sito diferente do de \u00e1guas pluviais e a \u00e1gua pode ser usada para rega. \u00c9 uma forma simples de ter \u00e1gua abundante para rega sem custos financeiros ou ecol\u00f3gicos.<\/p>\n<ul>\n<li><a href=\"http:\/\/www.delphin-ws.de\/index.php?id=11&amp;L=1\">Depuradora biol\u00f3gica<\/a><\/li>\n<\/ul>\n<p><strong>Aquecimento (de Inverno) \/ Arrefecimento (Ver\u00e3o)<\/strong><\/p>\n<p>O aquecimento de Inverno deve ser feito naturalmente, atrav\u00e9s da luz do sol. A casa deve ter muitas janelas com vidro duplo viradas para Leste, Sul e Oeste. No Ver\u00e3o, as janelas devem manter-se fechadas assim que a temperatura exterior come\u00e7ar a subir e s\u00f3 devem voltar a abrir-se de noite quando o ar exterior arrefecer.<br \/>\nA renova\u00e7\u00e3o do ar deve ser feita abrindo as janelas da casa durante 10 minutos no in\u00edcio da manh\u00e3.<\/p>\n<p><strong>Energia<\/strong><\/p>\n<p>Aquecimento de \u00e1gua com energia solar. Permite poupar no consumo di\u00e1rio de g\u00e1s e\/ou electricidade.<br \/>\nGera\u00e7\u00e3o de energia el\u00e9ctrica com pain\u00e9is fotovoltaicos e com geradores e\u00f3licos de eixo vertical. Os geradores de eixo vertical s\u00e3o mais silenciosos que os de eixo horizontal (podem atingir os 0dB), s\u00e3o in\u00f3cuos para os p\u00e1ssaros \u2013 que n\u00e3o se aproximam, porque a mancha vis\u00edvel ocupa todo o espa\u00e7o onde as p\u00e1s se deslocam \u2013 e come\u00e7am a produzir energia com velocidades muito mais baixas (1 m\/s) que os de eixo horizontal (4 m\/s).<\/p>\n<ul>\n<li><a href=\"http:\/\/www.ecobusinesslinks.com\/vertical_axis_wind_turbines.htm\">Turbinas de eixo vertical<\/a><\/li>\n<li><a href=\"http:\/\/www.ecobusinesslinks.com\/solar_energy_retail_europe.htm\">Energia solar<\/a><\/li>\n<li><a href=\"http:\/\/www.edp.pt\/EDPI\/Internet\/PT\/Group\/Clients\/Microgeneration\/partners\/thermosolar\/default.htm\">Energia solar t\u00e9rmica<\/a><\/li>\n<li><a class=\"moz-txt-link-freetext\" href=\"http:\/\/www.edp.pt\/EDPI\/Internet\/PT\/Group\/Clients\/Microgeneration\/partners\/photovoltaics\/default.htm\">Energia solar fotovoltaica<\/a><\/li>\n<li><a class=\"moz-txt-link-freetext\" href=\"http:\/\/www.edp.pt\/EDPI\/Internet\/PT\/Group\/Clients\/Microgeneration\/partners\/microeolic\/default.htm\">Energia e\u00f3lica<\/a><\/li>\n<\/ul>\n<p><strong>Autom\u00f3vel<\/strong><\/p>\n<p>Autom\u00f3vel el\u00e9ctrico. O Think tem 200 Km de autonomia e pode ser alimentado a partir de uma tomada da rede el\u00e9ctrica de casa (de energia produzida localmente).<\/p>\n<ul>\n<li><a href=\"http:\/\/www.think.no\/\">Think, o autom\u00f3vel el\u00e9ctrico noruegu\u00eas<\/a><\/li>\n<\/ul>\n<p><strong>Res\u00edduos s\u00f3lidos<\/strong><\/p>\n<p>Compostor para reduzir a quantidade de res\u00edduos a enviar para o aterro municipal e para melhorar a qualidade da terra do jardim de forma natural e sustentada, sem qu\u00edmicos.<\/p>\n<ul>\n<li><a href=\"http:\/\/www.smsbvc.ipvc.pt\/index.php?option=com_docman&amp;task=doc_download&amp;gid=2&amp;Itemid=77\">Guia da compostagem<\/a> (PDF)<\/li>\n<li><a href=\"http:\/\/www.esb.ucp.pt\/gea\/myfiles\/compostagem\/compost\/compost.html\">Tudo sobre Compostagem<\/a><\/li>\n<li><a href=\"http:\/\/www.confagri.pt\/Ambiente\/AreasTematicas\/Solo\/Documentos\/doc68.htm\">Compostagem Dom\u00e9stica<\/a><\/li>\n<\/ul>\n<p><strong>Links gerais<\/strong><\/p>\n<ul>\n<li><a href=\"http:\/\/www.ecobusinesslinks.com\/\">Vendedores de produtos ecol\u00f3gicos<\/a><\/li>\n<\/ul>\n<p>Mais informa\u00e7\u00e3o para breve<\/p>\n","protected":false},"excerpt":{"rendered":"<p>Segue a lista de t\u00f3picos para a casa ecol\u00f3gica que estou a construir. O objectivo \u00e9 ter um consumo baixo de recursos externos, produzir recursos internamente e produzir o m\u00ednimo de detritos para o exterior. \u00c1gua Recolha da \u00e1gua da chuva numa cisterna ou dep\u00f3sito. Esta \u00e1gua pode ser utilizada nas sanitas, na rega e [&hellip;]<\/p>\n","protected":false},"author":1,"featured_media":0,"comment_status":"open","ping_status":"closed","sticky":false,"template":"","format":"standard","meta":{"footnotes":""},"categories":[232,1],"tags":[],"_links":{"self":[{"href":"http:\/\/www.inacreditavel.pt\/index.php?rest_route=\/wp\/v2\/posts\/4265"}],"collection":[{"href":"http:\/\/www.inacreditavel.pt\/index.php?rest_route=\/wp\/v2\/posts"}],"about":[{"href":"http:\/\/www.inacreditavel.pt\/index.php?rest_route=\/wp\/v2\/types\/post"}],"author":[{"embeddable":true,"href":"http:\/\/www.inacreditavel.pt\/index.php?rest_route=\/wp\/v2\/users\/1"}],"replies":[{"embeddable":true,"href":"http:\/\/www.inacreditavel.pt\/index.php?rest_route=%2Fwp%2Fv2%2Fcomments&post=4265"}],"version-history":[{"count":7,"href":"http:\/\/www.inacreditavel.pt\/index.php?rest_route=\/wp\/v2\/posts\/4265\/revisions"}],"predecessor-version":[{"id":4268,"href":"http:\/\/www.inacreditavel.pt\/index.php?rest_route=\/wp\/v2\/posts\/4265\/revisions\/4268"}],"wp:attachment":[{"href":"http:\/\/www.inacreditavel.pt\/index.php?rest_route=%2Fwp%2Fv2%2Fmedia&parent=4265"}],"wp:term":[{"taxonomy":"category","embeddable":true,"href":"http:\/\/www.inacreditavel.pt\/index.php?rest_route=%2Fwp%2Fv2%2Fcategories&post=4265"},{"taxonomy":"post_tag","embeddable":true,"href":"http:\/\/www.inacreditavel.pt\/index.php?rest_route=%2Fwp%2Fv2%2Ftags&post=4265"}],"curies":[{"name":"wp","href":"https:\/\/api.w.org\/{rel}","templated":true}]}}