{"id":279,"date":"2006-11-22T02:04:25","date_gmt":"2006-11-22T01:04:25","guid":{"rendered":"http:\/\/inacreditavel.ioio.info\/?p=279"},"modified":"2006-11-22T02:04:25","modified_gmt":"2006-11-22T01:04:25","slug":"iter-o-principio-do-fim","status":"publish","type":"post","link":"http:\/\/www.inacreditavel.pt\/?p=279","title":{"rendered":"ITER &#8211; O princ\u00edpio do fim?"},"content":{"rendered":"<p>Antes de mais, ITER = &#8220;International Thermonuclear Experimental Reactor&#8221;.<\/p>\n<p>Foi <a href=\"http:\/\/publico.clix.pt\/shownews.asp?id=1277296&#038;idCanal=35\">ontem assinado<\/a> um acordo entre mais de 30 pa\u00edses para a constru\u00e7\u00e3o de um reactor de fus\u00e3o nuclear. Chamaram-lhe, engenhosamente, Reactor EXPERIMENTAL de Fus\u00e3o Nuclear. A guerra diplom\u00e1tica para decidir o local da constru\u00e7\u00e3o durou anos, ou mesmo, d\u00e9cadas. E a Europa ganhou: vai ser constru\u00eddo em Marselha.<\/p>\n<p>Para quem n\u00e3o sabe o que \u00e9 a fus\u00e3o nuclear, aqui vai: \u00e9 o processo de produ\u00e7\u00e3o de energia observado no Sol, a fus\u00e3o de dois \u00e1tomos ou n\u00facleos num \u00fanico \u00e1tomo ou n\u00facleo liberta energia e pequenas part\u00edculas &#8211; neutrinos. No processo de fus\u00e3o, obt\u00eam-se inicialmente \u00e1tomos de H\u00e9lio(4) a partir de Hidrog\u00e9nio(1) (por fus\u00f5es sucessivas). \u00c0 medida que a massa da estrela aumenta, podem obter-se elementos mais densos como o Ferro(56).<\/p>\n<p>Na minha humilde opini\u00e3o, um projecto desses acarreta riscos gigantescos que n\u00e3o me parecem estar a ser considerados. \u00c9 poss\u00edvel parar a reac\u00e7\u00e3o de fus\u00e3o do Sol? N\u00e3o. Ent\u00e3o o que leva estes loucos a pensar que podem controlar uma reac\u00e7\u00e3o dessas em laborat\u00f3rio? A energia gerada por uma fus\u00e3o pode ser controlada pela quantidade de mat\u00e9ria colocada na cuba de fus\u00e3o, mas para termos energia aproveit\u00e1vel comercialmente, \u00e9 necess\u00e1rio atingir temperaturas que derretem qualquer cuba onde ocorra a fus\u00e3o. E assim que a fus\u00e3o sair da cuba&#8230; adeus Terra.<br \/>\nAinda pensei que seria prefer\u00edvel deixar o Jap\u00e3o ganhar a corrida para a constru\u00e7\u00e3o, mas o que \u00edamos ganhar com isso? Um segundo? Dois?<\/p>\n<p>A Terra vai passar a figurar, dentro de 30 anos como a 2\u00aa estrela do sistema solar&#8230; nos canhenhos dos extraterrestres.<\/p>\n","protected":false},"excerpt":{"rendered":"<p>Antes de mais, ITER = &#8220;International Thermonuclear Experimental Reactor&#8221;. Foi ontem assinado um acordo entre mais de 30 pa\u00edses para a constru\u00e7\u00e3o de um reactor de fus\u00e3o nuclear. Chamaram-lhe, engenhosamente, Reactor EXPERIMENTAL de Fus\u00e3o Nuclear. A guerra diplom\u00e1tica para decidir o local da constru\u00e7\u00e3o durou anos, ou mesmo, d\u00e9cadas. E a Europa ganhou: vai ser [&hellip;]<\/p>\n","protected":false},"author":1,"featured_media":0,"comment_status":"open","ping_status":"open","sticky":false,"template":"","format":"standard","meta":{"footnotes":""},"categories":[13,1],"tags":[],"_links":{"self":[{"href":"http:\/\/www.inacreditavel.pt\/index.php?rest_route=\/wp\/v2\/posts\/279"}],"collection":[{"href":"http:\/\/www.inacreditavel.pt\/index.php?rest_route=\/wp\/v2\/posts"}],"about":[{"href":"http:\/\/www.inacreditavel.pt\/index.php?rest_route=\/wp\/v2\/types\/post"}],"author":[{"embeddable":true,"href":"http:\/\/www.inacreditavel.pt\/index.php?rest_route=\/wp\/v2\/users\/1"}],"replies":[{"embeddable":true,"href":"http:\/\/www.inacreditavel.pt\/index.php?rest_route=%2Fwp%2Fv2%2Fcomments&post=279"}],"version-history":[{"count":0,"href":"http:\/\/www.inacreditavel.pt\/index.php?rest_route=\/wp\/v2\/posts\/279\/revisions"}],"wp:attachment":[{"href":"http:\/\/www.inacreditavel.pt\/index.php?rest_route=%2Fwp%2Fv2%2Fmedia&parent=279"}],"wp:term":[{"taxonomy":"category","embeddable":true,"href":"http:\/\/www.inacreditavel.pt\/index.php?rest_route=%2Fwp%2Fv2%2Fcategories&post=279"},{"taxonomy":"post_tag","embeddable":true,"href":"http:\/\/www.inacreditavel.pt\/index.php?rest_route=%2Fwp%2Fv2%2Ftags&post=279"}],"curies":[{"name":"wp","href":"https:\/\/api.w.org\/{rel}","templated":true}]}}