{"id":24821,"date":"2024-01-19T23:27:02","date_gmt":"2024-01-19T23:27:02","guid":{"rendered":"http:\/\/www.inacreditavel.pt\/?p=24821"},"modified":"2024-01-19T23:27:22","modified_gmt":"2024-01-19T23:27:22","slug":"poemas-de-2023","status":"publish","type":"post","link":"http:\/\/www.inacreditavel.pt\/?p=24821","title":{"rendered":"Poemas de 2023"},"content":{"rendered":"\n<p>Em 2023 editei os poemas abaixo numa colet\u00e2nea de poesia.<\/p>\n\n\n\n<p>&#8212;&#8212;&#8212;&#8212;&#8212;&#8212;&#8211;<\/p>\n\n\n\n<p>Maria<\/p>\n\n\n\n<p>C\u00e1 em cima, onde a terra acaba<br>O mar, a perder de vista, uma vertigem<br>Um navio vagaroso esfuma-se na bruma<br>O teu sorriso \u00e9 a alegria na paisagem<\/p>\n\n\n\n<p>Alex Banha<\/p>\n\n\n\n<p>&#8212;&#8212;&#8212;&#8212;&#8212;&#8212;&#8211;<\/p>\n\n\n\n<p>O C\u00e3o Fadista<\/p>\n\n\n\n<p>Eis a hist\u00f3ria irrealista<br>De um c\u00e3o que era fadista<br>Foi ouvi-lo uma gaiata<br>Para os lados do Bra\u00e7o de Prata<\/p>\n\n\n\n<p>Entre violas e guitarras<br>Qu\u00e3o mais a fadista cantava<br>Mais o c\u00e3o a acompanhava<br>Em uivos, \u00e0 desgarrada<\/p>\n\n\n\n<p>Para culminar a surpresa<br>Ainda afinou a garganta<br>Com aguardente de cana<\/p>\n\n\n\n<p>Conta a mo\u00e7a que o ouviu<br>Estando s\u00f3bria nesse dia<br>Ainda descr\u00ea do que viu<\/p>\n\n\n\n<p>Alex Banha<\/p>\n\n\n\n<p>&#8212;&#8212;&#8212;&#8212;&#8212;&#8212;&#8211;<\/p>\n\n\n\n<p>Fim do ver\u00e3o<\/p>\n\n\n\n<p>O fim do ver\u00e3o tem um som<br>Um som h\u00famido e firme<br>Que sopra por entre as folhas<br>Acaricia e promete<br>Momentos de vigor e mudan\u00e7a<\/p>\n\n\n\n<p>O fim do ver\u00e3o tem um som<br>E \u00e9 este som que oi\u00e7o agora<\/p>\n\n\n\n<p>Alex Banha<\/p>\n","protected":false},"excerpt":{"rendered":"<p>Em 2023 editei os poemas abaixo numa colet\u00e2nea de poesia. &#8212;&#8212;&#8212;&#8212;&#8212;&#8212;&#8211; Maria C\u00e1 em cima, onde a terra acabaO mar, a perder de vista, uma vertigemUm navio vagaroso esfuma-se na brumaO teu sorriso \u00e9 a alegria na paisagem Alex Banha &#8212;&#8212;&#8212;&#8212;&#8212;&#8212;&#8211; O C\u00e3o Fadista Eis a hist\u00f3ria irrealistaDe um c\u00e3o que era fadistaFoi ouvi-lo uma [&hellip;]<\/p>\n","protected":false},"author":1,"featured_media":0,"comment_status":"open","ping_status":"closed","sticky":false,"template":"","format":"standard","meta":{"footnotes":""},"categories":[1],"tags":[],"_links":{"self":[{"href":"http:\/\/www.inacreditavel.pt\/index.php?rest_route=\/wp\/v2\/posts\/24821"}],"collection":[{"href":"http:\/\/www.inacreditavel.pt\/index.php?rest_route=\/wp\/v2\/posts"}],"about":[{"href":"http:\/\/www.inacreditavel.pt\/index.php?rest_route=\/wp\/v2\/types\/post"}],"author":[{"embeddable":true,"href":"http:\/\/www.inacreditavel.pt\/index.php?rest_route=\/wp\/v2\/users\/1"}],"replies":[{"embeddable":true,"href":"http:\/\/www.inacreditavel.pt\/index.php?rest_route=%2Fwp%2Fv2%2Fcomments&post=24821"}],"version-history":[{"count":2,"href":"http:\/\/www.inacreditavel.pt\/index.php?rest_route=\/wp\/v2\/posts\/24821\/revisions"}],"predecessor-version":[{"id":24823,"href":"http:\/\/www.inacreditavel.pt\/index.php?rest_route=\/wp\/v2\/posts\/24821\/revisions\/24823"}],"wp:attachment":[{"href":"http:\/\/www.inacreditavel.pt\/index.php?rest_route=%2Fwp%2Fv2%2Fmedia&parent=24821"}],"wp:term":[{"taxonomy":"category","embeddable":true,"href":"http:\/\/www.inacreditavel.pt\/index.php?rest_route=%2Fwp%2Fv2%2Fcategories&post=24821"},{"taxonomy":"post_tag","embeddable":true,"href":"http:\/\/www.inacreditavel.pt\/index.php?rest_route=%2Fwp%2Fv2%2Ftags&post=24821"}],"curies":[{"name":"wp","href":"https:\/\/api.w.org\/{rel}","templated":true}]}}