{"id":24808,"date":"2023-10-25T13:22:25","date_gmt":"2023-10-25T13:22:25","guid":{"rendered":"http:\/\/www.inacreditavel.pt\/?p=24808"},"modified":"2023-10-25T20:12:36","modified_gmt":"2023-10-25T20:12:36","slug":"os-calcoes-do-morto","status":"publish","type":"post","link":"http:\/\/www.inacreditavel.pt\/?p=24808","title":{"rendered":"Os cal\u00e7\u00f5es do morto"},"content":{"rendered":"\n<p>Sagres, Praia do Beliche, 2023<\/p>\n\n\n\n<p>&#8212;&#8212;&#8212;&#8212;&#8212;<\/p>\n\n\n\n<p>Come\u00e7ava a escurecer, o sol j\u00e1 tinha desaparecido por detr\u00e1s dos penhascos escarpados a oeste. Sa\u00edmos da praia. Pelo caminho encontr\u00e1mos uns cal\u00e7\u00f5es e uma toalha no meio do areal vazio. N\u00e3o se via ningu\u00e9m, n\u00e3o havia ningu\u00e9m. &#8220;Esqueceu-se dos cal\u00e7\u00f5es, ou morreu? S\u00e3o os cal\u00e7\u00f5es do morto&#8221;, pens\u00e1mos. Trouxemos a toalha e os cal\u00e7\u00f5es.<\/p>\n\n\n\n<p>Subimos os 150 degraus que cobrem a encosta, e, com uma fome insaci\u00e1vel entr\u00e1mos no restaurante do outro lado da estrada.<\/p>\n\n\n\n<p>&#8212;&#8212;&#8212;<\/p>\n\n\n\n<p>O sargo estava fabuloso. Assado no carv\u00e3o, regado com azeite e lim\u00e3o, devorei um lado com sofreguid\u00e3o. Virei-o, comecei a descolar o outro lombo. Nisto, algu\u00e9m bateu \u00e0 porta do restaurante. As portas est\u00e3o sempre fechadas, em Sagres, o vento \u00e9 constante e desagrad\u00e1vel.<\/p>\n\n\n\n<p>Olhei, pela porta de vidro, e vi um tipo todo nu, com a m\u00e3o direita a tapar a p\u00fabis, enquanto batia na porta com a esquerda.<\/p>\n\n\n\n<p>Entrou e pediu, ao empregado, algo para vestir: &#8220;Roubaram-me os cal\u00e7\u00f5es, na praia. Tem a\u00ed algo que eu possa vestir?&#8221;.<\/p>\n","protected":false},"excerpt":{"rendered":"<p>Sagres, Praia do Beliche, 2023 &#8212;&#8212;&#8212;&#8212;&#8212; Come\u00e7ava a escurecer, o sol j\u00e1 tinha desaparecido por detr\u00e1s dos penhascos escarpados a oeste. Sa\u00edmos da praia. Pelo caminho encontr\u00e1mos uns cal\u00e7\u00f5es e uma toalha no meio do areal vazio. N\u00e3o se via ningu\u00e9m, n\u00e3o havia ningu\u00e9m. &#8220;Esqueceu-se dos cal\u00e7\u00f5es, ou morreu? S\u00e3o os cal\u00e7\u00f5es do morto&#8221;, pens\u00e1mos. [&hellip;]<\/p>\n","protected":false},"author":1,"featured_media":0,"comment_status":"open","ping_status":"closed","sticky":false,"template":"","format":"standard","meta":{"footnotes":""},"categories":[1],"tags":[],"_links":{"self":[{"href":"http:\/\/www.inacreditavel.pt\/index.php?rest_route=\/wp\/v2\/posts\/24808"}],"collection":[{"href":"http:\/\/www.inacreditavel.pt\/index.php?rest_route=\/wp\/v2\/posts"}],"about":[{"href":"http:\/\/www.inacreditavel.pt\/index.php?rest_route=\/wp\/v2\/types\/post"}],"author":[{"embeddable":true,"href":"http:\/\/www.inacreditavel.pt\/index.php?rest_route=\/wp\/v2\/users\/1"}],"replies":[{"embeddable":true,"href":"http:\/\/www.inacreditavel.pt\/index.php?rest_route=%2Fwp%2Fv2%2Fcomments&post=24808"}],"version-history":[{"count":3,"href":"http:\/\/www.inacreditavel.pt\/index.php?rest_route=\/wp\/v2\/posts\/24808\/revisions"}],"predecessor-version":[{"id":24811,"href":"http:\/\/www.inacreditavel.pt\/index.php?rest_route=\/wp\/v2\/posts\/24808\/revisions\/24811"}],"wp:attachment":[{"href":"http:\/\/www.inacreditavel.pt\/index.php?rest_route=%2Fwp%2Fv2%2Fmedia&parent=24808"}],"wp:term":[{"taxonomy":"category","embeddable":true,"href":"http:\/\/www.inacreditavel.pt\/index.php?rest_route=%2Fwp%2Fv2%2Fcategories&post=24808"},{"taxonomy":"post_tag","embeddable":true,"href":"http:\/\/www.inacreditavel.pt\/index.php?rest_route=%2Fwp%2Fv2%2Ftags&post=24808"}],"curies":[{"name":"wp","href":"https:\/\/api.w.org\/{rel}","templated":true}]}}