{"id":24795,"date":"2023-07-12T13:09:49","date_gmt":"2023-07-12T13:09:49","guid":{"rendered":"http:\/\/www.inacreditavel.pt\/?p=24795"},"modified":"2023-07-12T13:12:20","modified_gmt":"2023-07-12T13:12:20","slug":"poetas","status":"publish","type":"post","link":"http:\/\/www.inacreditavel.pt\/?p=24795","title":{"rendered":"Poetas"},"content":{"rendered":"\n<p>Milan Kundera morreu.<\/p>\n\n\n\n<p>N\u00e3o me lembro de uma linha do que li dele. Nem sequer de um ponto final.<\/p>\n\n\n\n<p>J\u00e1 do Gabriel Garcia Marquez, lembro-me de tudo, porque \u00e9 m\u00e1gico.<\/p>\n\n\n\n<p>N\u00e3o consigo escrever poesia &#8211; em verso, ou na artificialmente enobrecida prosa po\u00e9tica &#8211; sobre os meus medos, desejos, ansiedades ou vol\u00fapias, porque acho uma criancice. Se h\u00e1 problemas, \u00e9 acender um fogo, queim\u00e1-los e andar para a frente.<\/p>\n\n\n\n<p>Mas adoro o Ingmar Bergman, porque \u00e9 um poeta, ao mesmo tempo subtil e presente.<\/p>\n\n\n\n<p><a><\/a>Enfim, venham de l\u00e1 os murros e as chapadas.<\/p>\n","protected":false},"excerpt":{"rendered":"<p>Milan Kundera morreu. N\u00e3o me lembro de uma linha do que li dele. Nem sequer de um ponto final. J\u00e1 do Gabriel Garcia Marquez, lembro-me de tudo, porque \u00e9 m\u00e1gico. N\u00e3o consigo escrever poesia &#8211; em verso, ou na artificialmente enobrecida prosa po\u00e9tica &#8211; sobre os meus medos, desejos, ansiedades ou vol\u00fapias, porque acho uma [&hellip;]<\/p>\n","protected":false},"author":1,"featured_media":0,"comment_status":"open","ping_status":"closed","sticky":false,"template":"","format":"standard","meta":{"footnotes":""},"categories":[1],"tags":[],"_links":{"self":[{"href":"http:\/\/www.inacreditavel.pt\/index.php?rest_route=\/wp\/v2\/posts\/24795"}],"collection":[{"href":"http:\/\/www.inacreditavel.pt\/index.php?rest_route=\/wp\/v2\/posts"}],"about":[{"href":"http:\/\/www.inacreditavel.pt\/index.php?rest_route=\/wp\/v2\/types\/post"}],"author":[{"embeddable":true,"href":"http:\/\/www.inacreditavel.pt\/index.php?rest_route=\/wp\/v2\/users\/1"}],"replies":[{"embeddable":true,"href":"http:\/\/www.inacreditavel.pt\/index.php?rest_route=%2Fwp%2Fv2%2Fcomments&post=24795"}],"version-history":[{"count":2,"href":"http:\/\/www.inacreditavel.pt\/index.php?rest_route=\/wp\/v2\/posts\/24795\/revisions"}],"predecessor-version":[{"id":24798,"href":"http:\/\/www.inacreditavel.pt\/index.php?rest_route=\/wp\/v2\/posts\/24795\/revisions\/24798"}],"wp:attachment":[{"href":"http:\/\/www.inacreditavel.pt\/index.php?rest_route=%2Fwp%2Fv2%2Fmedia&parent=24795"}],"wp:term":[{"taxonomy":"category","embeddable":true,"href":"http:\/\/www.inacreditavel.pt\/index.php?rest_route=%2Fwp%2Fv2%2Fcategories&post=24795"},{"taxonomy":"post_tag","embeddable":true,"href":"http:\/\/www.inacreditavel.pt\/index.php?rest_route=%2Fwp%2Fv2%2Ftags&post=24795"}],"curies":[{"name":"wp","href":"https:\/\/api.w.org\/{rel}","templated":true}]}}