{"id":24785,"date":"2023-01-26T22:21:40","date_gmt":"2023-01-26T22:21:40","guid":{"rendered":"http:\/\/www.inacreditavel.pt\/?p=24785"},"modified":"2023-01-27T08:39:33","modified_gmt":"2023-01-27T08:39:33","slug":"lilia","status":"publish","type":"post","link":"http:\/\/www.inacreditavel.pt\/?p=24785","title":{"rendered":"L\u00edlia"},"content":{"rendered":"<p>Fiz a escola prim\u00e1ria no tempo do fascismo. Os professores prim\u00e1rios n\u00e3o eram muito diferentes daquele professor do Roger Waters, no The Wall: severos, autorit\u00e1rios, d\u00e9spotas at\u00e9. Mas vamos \u00e0 hist\u00f3ria.<\/p>\n<p>Na 4\u00aa classe (4\u00ba ano, para os mais novos), entrou uma menina nova, a L\u00edlia. Um dia, os meninos come\u00e7aram a queixar-se de um cheiro a coc\u00f3 na sala. Primeiro um, depois outro, at\u00e9 que a professora decidiu averiguar. Aproximou-se e apercebeu-se que os meninos mais pr\u00f3ximos do cheiro eram a L\u00edlia e eu.<br \/>\nDecidiu, ent\u00e3o, enviar-nos \u00e0 casa de banho, acompanhados, cada um, por um colega que iria olhar para dentro das nossas cuecas e procurar a origem do cheiro.<\/p>\n<p>Eu fui com o Z\u00e9 Pedro, que era um puto porreiro, e que fui encontrando, por acaso, ao longo dos anos, tendo-lhe perdido o rasto h\u00e1 pouco tempo. Chegados \u00e0 casa de banho, o Z\u00e9 Pedro disse-me: &#8220;tu dizes que n\u00e3o tens nada, portanto n\u00e3o preciso de olhar&#8221;. Fic\u00e1mos os dois a urinar para fazer passar algum tempo e volt\u00e1mos para a sala. &#8220;Ele n\u00e3o tem nada&#8221;, disse o Z\u00e9 Pedro \u00e0 professora.<\/p>\n<p>A L\u00edlia foi acompanhada pela Zezinha. A Zezinha era a mi\u00fada mais bonita da turma: todos queriam namorar com a Zezinha. Mas era tamb\u00e9m uma desbocada: dizia tudo, n\u00e3o calava nada, e sempre em voz alta, para toda a gente ouvir. Voltaram, da casa de banho, depois de n\u00f3s. E assim que entraram, a Zezinha disse logo, em voz alta: &#8220;tinha um pauzinho de coc\u00f3, e duas bolinhas de chichi&#8221;.<\/p>\n<p>A L\u00edlia n\u00e3o voltou \u00e0 escola.<\/p>\n<p>&#8212;&#8212;&#8212;&#8212;&#8212;&#8212;<\/p>\n<p>P.S.: Eu usava galochas de borracha, e pisava tudo pelo caminho. Nesse dia, tinha pisado coc\u00f3 de c\u00e3o antes de chegar \u00e0 escola.<\/p>\n","protected":false},"excerpt":{"rendered":"<p>Fiz a escola prim\u00e1ria no tempo do fascismo. Os professores prim\u00e1rios n\u00e3o eram muito diferentes daquele professor do Roger Waters, no The Wall: severos, autorit\u00e1rios, d\u00e9spotas at\u00e9. Mas vamos \u00e0 hist\u00f3ria. Na 4\u00aa classe (4\u00ba ano, para os mais novos), entrou uma menina nova, a L\u00edlia. Um dia, os meninos come\u00e7aram a queixar-se de um [&hellip;]<\/p>\n","protected":false},"author":1,"featured_media":0,"comment_status":"open","ping_status":"closed","sticky":false,"template":"","format":"standard","meta":{"footnotes":""},"categories":[1],"tags":[],"_links":{"self":[{"href":"http:\/\/www.inacreditavel.pt\/index.php?rest_route=\/wp\/v2\/posts\/24785"}],"collection":[{"href":"http:\/\/www.inacreditavel.pt\/index.php?rest_route=\/wp\/v2\/posts"}],"about":[{"href":"http:\/\/www.inacreditavel.pt\/index.php?rest_route=\/wp\/v2\/types\/post"}],"author":[{"embeddable":true,"href":"http:\/\/www.inacreditavel.pt\/index.php?rest_route=\/wp\/v2\/users\/1"}],"replies":[{"embeddable":true,"href":"http:\/\/www.inacreditavel.pt\/index.php?rest_route=%2Fwp%2Fv2%2Fcomments&post=24785"}],"version-history":[{"count":2,"href":"http:\/\/www.inacreditavel.pt\/index.php?rest_route=\/wp\/v2\/posts\/24785\/revisions"}],"predecessor-version":[{"id":24787,"href":"http:\/\/www.inacreditavel.pt\/index.php?rest_route=\/wp\/v2\/posts\/24785\/revisions\/24787"}],"wp:attachment":[{"href":"http:\/\/www.inacreditavel.pt\/index.php?rest_route=%2Fwp%2Fv2%2Fmedia&parent=24785"}],"wp:term":[{"taxonomy":"category","embeddable":true,"href":"http:\/\/www.inacreditavel.pt\/index.php?rest_route=%2Fwp%2Fv2%2Fcategories&post=24785"},{"taxonomy":"post_tag","embeddable":true,"href":"http:\/\/www.inacreditavel.pt\/index.php?rest_route=%2Fwp%2Fv2%2Ftags&post=24785"}],"curies":[{"name":"wp","href":"https:\/\/api.w.org\/{rel}","templated":true}]}}