{"id":24768,"date":"2022-08-05T14:43:46","date_gmt":"2022-08-05T14:43:46","guid":{"rendered":"http:\/\/www.inacreditavel.pt\/?p=24768"},"modified":"2022-08-05T15:38:09","modified_gmt":"2022-08-05T15:38:09","slug":"fotografia","status":"publish","type":"post","link":"http:\/\/www.inacreditavel.pt\/?p=24768","title":{"rendered":"Fotografia"},"content":{"rendered":"<p>A fotografia capta um momento.<br \/>\nMas a fotografia \u00e9 mais do que isso.<br \/>\nA fotografia capta tamb\u00e9m um espa\u00e7o, uma fatia de espa\u00e7o, e isola essa fatia do resto da realidade.<br \/>\nE por isso a fotografia \u00e9, muitas vezes, enganadora: cria sonhos que nunca existiram, a n\u00e3o ser no olho do fot\u00f3grafo.<br \/>\n<a href=\"http:\/\/www.inacreditavel.pt\/?attachment_id=24769\" rel=\"attachment wp-att-24769\"><img loading=\"lazy\" decoding=\"async\" src=\"http:\/\/www.inacreditavel.pt\/wp-content\/uploads\/sites\/17\/2022\/08\/Verao2000a_33-C-1024x699.jpg\" alt=\"\" width=\"840\" height=\"573\" class=\"aligncenter size-large wp-image-24769\" srcset=\"http:\/\/www.inacreditavel.pt\/wp-content\/uploads\/sites\/17\/2022\/08\/Verao2000a_33-C-1024x699.jpg 1024w, http:\/\/www.inacreditavel.pt\/wp-content\/uploads\/sites\/17\/2022\/08\/Verao2000a_33-C-300x205.jpg 300w, http:\/\/www.inacreditavel.pt\/wp-content\/uploads\/sites\/17\/2022\/08\/Verao2000a_33-C-768x524.jpg 768w, http:\/\/www.inacreditavel.pt\/wp-content\/uploads\/sites\/17\/2022\/08\/Verao2000a_33-C-1536x1048.jpg 1536w, http:\/\/www.inacreditavel.pt\/wp-content\/uploads\/sites\/17\/2022\/08\/Verao2000a_33-C-1200x819.jpg 1200w, http:\/\/www.inacreditavel.pt\/wp-content\/uploads\/sites\/17\/2022\/08\/Verao2000a_33-C.jpg 1870w\" sizes=\"(max-width: 840px) 100vw, 840px\" \/><\/a><\/p>\n<p>Ap\u00f3s uma troca de ideias na net@, fica uma segunda abordagem.<br \/>\n\u00c9 claro que, em fotografia, um momento nunca \u00e9 um momento, \u00e9 sempre um intervalo de tempo: 1\/60 s, 1\/125 s, etc. Podem ser 6 h, claro. E isso, na escala da realidade em que vivemos, \u00e9 totalmente equivalente: \u00e9 um peda\u00e7o de tempo.<br \/>\n\u00c0 falta de melhor forma de ver este assunto, eu diria ent\u00e3o que a fotografia regista uma fatia de tempo e uma fatia de espa\u00e7o, em simult\u00e2neo.<br \/>\nTalvez seja melhor dizer uma fatia de espa\u00e7o-tempo, apesar deste ser um conceito t\u00e3o frio, t\u00e3o abstrato, que quase rouba a magia \u00e0 fotografia.<br \/>\nJ\u00e1 agora, quanto \u00e0 fatia do espa\u00e7o, ou enquadramento, o que quero dizer \u00e9 que posso fazer uma foto fant\u00e1stica e bela, de um pormenor, numa lixeira, por exemplo, e levar toda a gente a querer visitar aquele local, como um s\u00edtio id\u00edlico. \u00c9 a\u00ed que a fotografia &#8211; uma imagem real &#8211; pode n\u00e3o representar a realidade.<\/p>\n","protected":false},"excerpt":{"rendered":"<p>A fotografia capta um momento. Mas a fotografia \u00e9 mais do que isso. A fotografia capta tamb\u00e9m um espa\u00e7o, uma fatia de espa\u00e7o, e isola essa fatia do resto da realidade. E por isso a fotografia \u00e9, muitas vezes, enganadora: cria sonhos que nunca existiram, a n\u00e3o ser no olho do fot\u00f3grafo. Ap\u00f3s uma troca [&hellip;]<\/p>\n","protected":false},"author":1,"featured_media":0,"comment_status":"open","ping_status":"closed","sticky":false,"template":"","format":"standard","meta":{"footnotes":""},"categories":[1],"tags":[],"_links":{"self":[{"href":"http:\/\/www.inacreditavel.pt\/index.php?rest_route=\/wp\/v2\/posts\/24768"}],"collection":[{"href":"http:\/\/www.inacreditavel.pt\/index.php?rest_route=\/wp\/v2\/posts"}],"about":[{"href":"http:\/\/www.inacreditavel.pt\/index.php?rest_route=\/wp\/v2\/types\/post"}],"author":[{"embeddable":true,"href":"http:\/\/www.inacreditavel.pt\/index.php?rest_route=\/wp\/v2\/users\/1"}],"replies":[{"embeddable":true,"href":"http:\/\/www.inacreditavel.pt\/index.php?rest_route=%2Fwp%2Fv2%2Fcomments&post=24768"}],"version-history":[{"count":6,"href":"http:\/\/www.inacreditavel.pt\/index.php?rest_route=\/wp\/v2\/posts\/24768\/revisions"}],"predecessor-version":[{"id":24775,"href":"http:\/\/www.inacreditavel.pt\/index.php?rest_route=\/wp\/v2\/posts\/24768\/revisions\/24775"}],"wp:attachment":[{"href":"http:\/\/www.inacreditavel.pt\/index.php?rest_route=%2Fwp%2Fv2%2Fmedia&parent=24768"}],"wp:term":[{"taxonomy":"category","embeddable":true,"href":"http:\/\/www.inacreditavel.pt\/index.php?rest_route=%2Fwp%2Fv2%2Fcategories&post=24768"},{"taxonomy":"post_tag","embeddable":true,"href":"http:\/\/www.inacreditavel.pt\/index.php?rest_route=%2Fwp%2Fv2%2Ftags&post=24768"}],"curies":[{"name":"wp","href":"https:\/\/api.w.org\/{rel}","templated":true}]}}