{"id":24738,"date":"2022-06-30T06:55:09","date_gmt":"2022-06-30T06:55:09","guid":{"rendered":"http:\/\/www.inacreditavel.pt\/?p=24738"},"modified":"2022-07-01T04:53:34","modified_gmt":"2022-07-01T04:53:34","slug":"os-curdos-esses-eternos-fdids","status":"publish","type":"post","link":"http:\/\/www.inacreditavel.pt\/?p=24738","title":{"rendered":"Os curdos, esses eternos f*did*s"},"content":{"rendered":"\r\n<p>Para lidar com uma amea\u00e7a inexistente para eles, a Su\u00e9cia e a Finl\u00e2ndia, lideradas por mulheres\u00a0 (por acaso n\u00e4o eleitas para primeiro-ministro) que ficaram com a pita aos saltos com a camisola verde-azeitona justa do corrupto e aldrab\u00e3o presidente ucraniano, decidiram arrastar os seus pa\u00edses para esse supermercado de armas americano chamado OTAN.<\/p>\r\n<p>Mas como para aceder \u00e9 preciso consenso dos membros, o proto-ditador Erdogan botou logo na mesa as suas condi\u00e7\u00f5es: teriam de declarar o PKK (Patido dos Trabalhadores do Curdist\u00e3o), YPG\/YPJ, e similares como &#8220;organiza\u00e7\u00f5es terroristas&#8221;, e dar os contactos dos seus membros refugiados na Su\u00e9cia e Finl\u00e2ndia aos turcos por serem <em>amea\u00e7as \u00e0 seguran\u00e7a interna da T\u00fcrkiye<\/em>.<\/p>\r\n<p>Sim, porque muitos curdos que fugiram da cont\u00ednua limpeza \u00e9tnica na Turquia (e que os turcos continuam na S\u00edria) receberam asilo pol\u00edtico na Su\u00e9cia e Finl\u00e2ndia, porque supostamente <em>os pa\u00edses n\u00f3rdicos s\u00e4o muito civilizados e respeitadores dos Direitos Humanos<\/em>. Pois.<\/p>\r\n<p><img decoding=\"async\" src=\"https:\/\/upload.wikimedia.org\/wikipedia\/commons\/thumb\/8\/88\/Kurdish_YPJ_soldiers.jpg\/800px-Kurdish_YPJ_soldiers.jpg\" \/><\/p>\r\n<p style=\"text-align: right\"><em>Mulheres a s\u00e9rio s\u00e4o estas, que combatem os fundamentalistas e lutam pela democracia. As governantes suecas e finlandesas s\u00e3o uma burrinhas alienadas.<\/em><\/p>\r\n<p>Mas agora, com medo de um genoc\u00eddio que n\u00e4o existe, ignoram um genoc\u00eddio que existe, e pior, chamam terroristas \u00e0s v\u00edtimas. <br \/>Conhe\u00e7o algumas, e nem lhes quero falar do assunto.<\/p>\r\n<blockquote>\r\n<p>&#8220;Vergonhosa a condescend\u00eancia hip\u00f3crita para com Erdogan, esse Putin do M\u00e9dio-Oriente.&#8221;<\/p>\r\n<\/blockquote>\r\n<p>Sim, os mesmos curdos que foram fundamentais na derrota do Estado Isl\u00e2mico na S\u00edria, j\u00e1 foram tra\u00eddos nesse campo pelos supostos aliados, que deixaram a Turquia invadir-lhes as regi\u00f6es de Aziz e Jarablus (em verde no mapa).<\/p>\r\n<p><img decoding=\"async\" src=\"https:\/\/upload.wikimedia.org\/wikipedia\/commons\/thumb\/6\/68\/Syrian_Civil_War_map.svg\/922px-Syrian_Civil_War_map.svg.png\" \/><\/p>\r\n<blockquote>\r\n<p><br \/>&#8220;Que estranha forma de defesa da democracia: aceitar as condi\u00e7\u00f5es de (mais) um d\u00e9spota. Insistem em deliberadamente repetir decis\u00f5es erradas e negativas, depois n\u00e3o venham novamente dizer que ficam surpreendidos com as consequ\u00eancias.&#8221;<\/p>\r\n<\/blockquote>\r\n<p>Agora v\u00eaem outros supostos aliados virarem-lhes as costas.\u00a0<\/p>\r\n<blockquote>\r\n<p>Uma &#8220;cimeira hist\u00f3rica de democracias que se unem para defender os valores da liberdade, pluralidade pol\u00edtica, defesa dos direitos humanos e da ordem internacional baseada em regras\u201d de uma organiza\u00e7\u00e3o que se op\u00f5e \u00e0 R\u00fassia e tem no seu seio a Turquia, h\u00e1-de acabar num tremendo estado de indigest\u00e3o. A diarreia advir\u00e1 quando terminar a hipocrisia. E sim, entristece-me o rebaixamento da Su\u00e9cia face ao tirano de Ancara, perante o aplauso dos &#8220;democratas&#8221; presentes.<\/p>\r\n<\/blockquote>\r\n<p><strong>Rojava <\/strong>e a democracia est\u00e3o em perigo!!!<br \/><br \/>Adenda: ap\u00f3s a publica\u00e7\u00e3o deste artigo, veio logo ao de cima&#8230;<br \/><a href=\"https:\/\/cnnportugal.iol.pt\/videos\/turquia-consegue-a-extradicao-de-33-alegados-terroristas-para-levantar-o-veto-a-finlandia-e-suecia\/62bc9c310cf2ea367d437723\">Turquia consegue a extradi\u00e7\u00e3o de 33 alegados terroristas para levantar o veto \u00e0 Finl\u00e2ndia e Su\u00e9cia<\/a><br \/><a href=\"https:\/\/cnnportugal.iol.pt\/turquia\/nato\/se-nao-houver-extradicoes-turquia-vai-voltar-a-vetar-adesao-sueca-e-finlandesa-a-nato\/20220630\/62bddaa10cf2ea4f0a52098e\">Se n\u00e3o houver extradi\u00e7\u00f5es, Turquia vai voltar a vetar ades\u00e3o sueca e finlandesa \u00e0 NATO<\/a><\/p>\r\n","protected":false},"excerpt":{"rendered":"<p>Para lidar com uma amea\u00e7a inexistente para eles, a Su\u00e9cia e a Finl\u00e2ndia, lideradas por mulheres\u00a0 (por acaso n\u00e4o eleitas para primeiro-ministro) que ficaram com a pita aos saltos com a camisola verde-azeitona justa do corrupto e aldrab\u00e3o presidente ucraniano, decidiram arrastar os seus pa\u00edses para esse supermercado de armas americano chamado OTAN. Mas como [&hellip;]<\/p>\n","protected":false},"author":21,"featured_media":0,"comment_status":"open","ping_status":"closed","sticky":false,"template":"","format":"standard","meta":{"footnotes":""},"categories":[21,13,17,1,14,19,206],"tags":[],"_links":{"self":[{"href":"http:\/\/www.inacreditavel.pt\/index.php?rest_route=\/wp\/v2\/posts\/24738"}],"collection":[{"href":"http:\/\/www.inacreditavel.pt\/index.php?rest_route=\/wp\/v2\/posts"}],"about":[{"href":"http:\/\/www.inacreditavel.pt\/index.php?rest_route=\/wp\/v2\/types\/post"}],"author":[{"embeddable":true,"href":"http:\/\/www.inacreditavel.pt\/index.php?rest_route=\/wp\/v2\/users\/21"}],"replies":[{"embeddable":true,"href":"http:\/\/www.inacreditavel.pt\/index.php?rest_route=%2Fwp%2Fv2%2Fcomments&post=24738"}],"version-history":[{"count":5,"href":"http:\/\/www.inacreditavel.pt\/index.php?rest_route=\/wp\/v2\/posts\/24738\/revisions"}],"predecessor-version":[{"id":24744,"href":"http:\/\/www.inacreditavel.pt\/index.php?rest_route=\/wp\/v2\/posts\/24738\/revisions\/24744"}],"wp:attachment":[{"href":"http:\/\/www.inacreditavel.pt\/index.php?rest_route=%2Fwp%2Fv2%2Fmedia&parent=24738"}],"wp:term":[{"taxonomy":"category","embeddable":true,"href":"http:\/\/www.inacreditavel.pt\/index.php?rest_route=%2Fwp%2Fv2%2Fcategories&post=24738"},{"taxonomy":"post_tag","embeddable":true,"href":"http:\/\/www.inacreditavel.pt\/index.php?rest_route=%2Fwp%2Fv2%2Ftags&post=24738"}],"curies":[{"name":"wp","href":"https:\/\/api.w.org\/{rel}","templated":true}]}}