{"id":24706,"date":"2022-01-21T00:31:35","date_gmt":"2022-01-21T00:31:35","guid":{"rendered":"http:\/\/www.inacreditavel.pt\/?p=24706"},"modified":"2022-01-21T00:56:35","modified_gmt":"2022-01-21T00:56:35","slug":"especialistas","status":"publish","type":"post","link":"http:\/\/www.inacreditavel.pt\/?p=24706","title":{"rendered":"Especialistas"},"content":{"rendered":"<p>Para analisar a evolu\u00e7\u00e3o do n\u00famero de infetados COVID e fazer previs\u00f5es, n\u00e3o serve um &#8220;especialista&#8221;, \u00e9 necess\u00e1rio um &#8220;generalista&#8221;.<br \/>\nTem sido, esse, o mal da &#8220;ci\u00eancia&#8221; nos \u00faltimos s\u00e9culos: compartimentalizar tudo.<br \/>\nNeste caso (dos infetados Covid), para al\u00e9m de olhar para as curvas, e o movimento ondulante dos n\u00fameros, \u00e9 necess\u00e1rio compreender a psicologia das massas.<br \/>\nH\u00e1 um m\u00eas atr\u00e1s eu j\u00e1 tinha previsto que \u00edamos ter subidas estonteantes nesta semana e na pr\u00f3xima. No entanto, na semana passada, os &#8220;especialistas&#8221; anunciaram o achatamento da curva e o fim desta vaga de infe\u00e7\u00f5es.<br \/>\nPorque \u00e9 que os &#8220;especialistas&#8221; falharam? Porque n\u00e3o perceberam que a popula\u00e7\u00e3o ia deixar de fazer testes ap\u00f3s as festas. Ao n\u00e3o fazerem testes, mas estando infetadas, as pessoas iam infetar outros, ou por ainda n\u00e3o terem sintomas, ou por estarem assintom\u00e1ticas, mas acima de tudo por n\u00e3o se terem testado.<br \/>\nComo eu previ, ap\u00f3s as festas, s\u00f3 se v\u00e3o testar os que t\u00eam sintomas e os que, receosos, estiveram com algu\u00e9m infetado.<br \/>\nIsto significa que as infe\u00e7\u00f5es v\u00e3o disparar em flecha. Isto est\u00e1 impar\u00e1vel e, na pr\u00f3xima semana &#8211; a semana das elei\u00e7\u00f5es &#8211; vamos estar com n\u00fameros absurdos de infetados.<br \/>\nA boa not\u00edcia \u00e9 que a nova estirpe n\u00e3o destr\u00f3i os pulm\u00f5es e comporta-se como uma virose que nem sequer devia ter direito a um nome com letra grega.<\/p>\n<p><a href=\"http:\/\/www.inacreditavel.pt\/?attachment_id=24707\" rel=\"attachment wp-att-24707\"><img loading=\"lazy\" decoding=\"async\" src=\"http:\/\/www.inacreditavel.pt\/wp-content\/uploads\/sites\/17\/2022\/01\/img-1-1024x497.png\" alt=\"\" width=\"840\" height=\"408\" class=\"aligncenter size-large wp-image-24707\" srcset=\"http:\/\/www.inacreditavel.pt\/wp-content\/uploads\/sites\/17\/2022\/01\/img-1-1024x497.png 1024w, http:\/\/www.inacreditavel.pt\/wp-content\/uploads\/sites\/17\/2022\/01\/img-1-300x145.png 300w, http:\/\/www.inacreditavel.pt\/wp-content\/uploads\/sites\/17\/2022\/01\/img-1-768x372.png 768w, http:\/\/www.inacreditavel.pt\/wp-content\/uploads\/sites\/17\/2022\/01\/img-1.png 1031w\" sizes=\"(max-width: 840px) 100vw, 840px\" \/><\/a><\/p>\n","protected":false},"excerpt":{"rendered":"<p>Para analisar a evolu\u00e7\u00e3o do n\u00famero de infetados COVID e fazer previs\u00f5es, n\u00e3o serve um &#8220;especialista&#8221;, \u00e9 necess\u00e1rio um &#8220;generalista&#8221;. Tem sido, esse, o mal da &#8220;ci\u00eancia&#8221; nos \u00faltimos s\u00e9culos: compartimentalizar tudo. Neste caso (dos infetados Covid), para al\u00e9m de olhar para as curvas, e o movimento ondulante dos n\u00fameros, \u00e9 necess\u00e1rio compreender a psicologia [&hellip;]<\/p>\n","protected":false},"author":1,"featured_media":0,"comment_status":"open","ping_status":"closed","sticky":false,"template":"","format":"standard","meta":{"footnotes":""},"categories":[1],"tags":[],"_links":{"self":[{"href":"http:\/\/www.inacreditavel.pt\/index.php?rest_route=\/wp\/v2\/posts\/24706"}],"collection":[{"href":"http:\/\/www.inacreditavel.pt\/index.php?rest_route=\/wp\/v2\/posts"}],"about":[{"href":"http:\/\/www.inacreditavel.pt\/index.php?rest_route=\/wp\/v2\/types\/post"}],"author":[{"embeddable":true,"href":"http:\/\/www.inacreditavel.pt\/index.php?rest_route=\/wp\/v2\/users\/1"}],"replies":[{"embeddable":true,"href":"http:\/\/www.inacreditavel.pt\/index.php?rest_route=%2Fwp%2Fv2%2Fcomments&post=24706"}],"version-history":[{"count":3,"href":"http:\/\/www.inacreditavel.pt\/index.php?rest_route=\/wp\/v2\/posts\/24706\/revisions"}],"predecessor-version":[{"id":24710,"href":"http:\/\/www.inacreditavel.pt\/index.php?rest_route=\/wp\/v2\/posts\/24706\/revisions\/24710"}],"wp:attachment":[{"href":"http:\/\/www.inacreditavel.pt\/index.php?rest_route=%2Fwp%2Fv2%2Fmedia&parent=24706"}],"wp:term":[{"taxonomy":"category","embeddable":true,"href":"http:\/\/www.inacreditavel.pt\/index.php?rest_route=%2Fwp%2Fv2%2Fcategories&post=24706"},{"taxonomy":"post_tag","embeddable":true,"href":"http:\/\/www.inacreditavel.pt\/index.php?rest_route=%2Fwp%2Fv2%2Ftags&post=24706"}],"curies":[{"name":"wp","href":"https:\/\/api.w.org\/{rel}","templated":true}]}}