{"id":24671,"date":"2021-11-22T00:14:46","date_gmt":"2021-11-22T00:14:46","guid":{"rendered":"http:\/\/www.inacreditavel.pt\/?p=24671"},"modified":"2021-11-22T00:16:31","modified_gmt":"2021-11-22T00:16:31","slug":"quinta-dose-da-vacina","status":"publish","type":"post","link":"http:\/\/www.inacreditavel.pt\/?p=24671","title":{"rendered":"Quinta dose da vacina"},"content":{"rendered":"<p>N\u00e3o vou citar o jornal fascista de onde tirei o texto abaixo.<\/p>\n<div>\n<div class=\"q9uorilb bvz0fpym c1et5uql sf5mxxl7\">\n<div class=\"_680y\">\n<div class=\"_6cuy\">\n<div class=\"b3i9ofy5 e72ty7fz qlfml3jp inkptoze qmr60zad rq0escxv oo9gr5id q9uorilb kvgmc6g5 cxmmr5t8 oygrvhab hcukyx3x d2edcug0 jm1wdb64 l9j0dhe7 l3itjdph qv66sw1b\">\n<div class=\"tw6a2znq sj5x9vvc d1544ag0 cxgpxx05\">\n<div class=\"ecm0bbzt e5nlhep0 a8c37x1j\">\n<div class=\"kvgmc6g5 cxmmr5t8 oygrvhab hcukyx3x c1et5uql\">\n<div dir=\"auto\">N\u00e3o coloco LIKES em not\u00edcias de jornais fascistas. Nem costumo, tamb\u00e9m, fazer coment\u00e1rios a not\u00edcias de jornais fasciz\u00f3ides, cujas publica\u00e7\u00f5es t\u00eam apenas o intuito de derrubar a muralha de esquerda que Portugal conseguiu criar. Mas o texto abaixo rebenta com o obscurantismo da vacina\u00e7\u00e3o, que deu imenso dinheiro a quem comprou a\u00e7\u00f5es das farmac\u00eauticas (todos os governantes e mais alguns) e salvaguardou os poleiros a todos os governantes europeus (em nome da Ci\u00eancia, aquela Ci\u00eancia que navega \u00e0 vista, como no tempo dos nosso marinheiros do s\u00e9c XV). Os decisores v\u00e3o empurrando com a barriga (que vai crescendo, tanto como os lucros das farmac\u00eauticas) \u00e0 espera que apare\u00e7a uma solu\u00e7\u00e3o realista. Boa sorte aos triplamente vacinados, \u00e9 o que eu desejo. Que n\u00e3o morram da cura.<\/div>\n<\/div>\n<\/div>\n<\/div>\n<\/div>\n<\/div>\n<\/div>\n<\/div>\n<div class=\"q9uorilb sf5mxxl7 pgctjfs5\">\n<div class=\"no6464jc b5wmifdl nv5ty6hh\">\n<div class=\"oajrlxb2 gs1a9yip g5ia77u1 mtkw9kbi tlpljxtp qensuy8j ppp5ayq2 goun2846 ccm00jje s44p3ltw mk2mc5f4 rt8b4zig n8ej3o3l agehan2d sk4xxmp2 rq0escxv nhd2j8a9 pq6dq46d mg4g778l btwxx1t3 pfnyh3mw p7hjln8o kvgmc6g5 cxmmr5t8 oygrvhab hcukyx3x tgvbjcpo hpfvmrgz jb3vyjys rz4wbd8a qt6c0cv9 a8nywdso l9j0dhe7 i1ao9s8h esuyzwwr f1sip0of du4w35lb lzcic4wl n00je7tq arfg74bv qs9ysxi8 k77z8yql abiwlrkh p8dawk7l dwo3fsh8 pzggbiyp pkj7ub1o bqnlxs5p kkg9azqs c24pa1uk ln9iyx3p fe6kdd0r ar1oviwq l10q8mi9 sq40qgkc s8quxz6p pdjglbur\" tabindex=\"0\" role=\"button\" aria-expanded=\"false\" aria-haspopup=\"menu\" aria-label=\"Editar ou eliminar isto\"><\/div>\n<\/div>\n<\/div>\n<\/div>\n<p>&nbsp;<\/p>\n<h1 class=\"article-head-content-headline-title\">Incongru\u00eancias da vacina\u00e7\u00e3o para a\u00a0COVID-19<\/h1>\n<p class=\"article-head-content-headline-lead\">Como seria a realidade das doen\u00e7as cardiovasculares, a principal causa de mortalidade em Portugal e no mundo, se diariamente lhes fosse dedicado o mesmo tempo pela comunica\u00e7\u00e3o social que \u00e0 COVID-19?<\/p>\n<p>Ao encetar a minha vida profissional como m\u00e9dica fiz o juramento de Hip\u00f3crates, que se iniciava com\u00a0<em>Prometo solenemente consagrar a minha vida ao servi\u00e7o da Humanidade.<\/em><\/p>\n<div class=\"obs-ad-container obs-ad-container-web_article_middle obs-in-article-container obs-in-article-container-empty\">\n<div id=\"web_article_middle_1\" class=\"obs-ad obs-ad-trigger-scroll\"><\/div>\n<\/div>\n<p>Pareceu-me na altura um pouco ambicioso imaginar que a minha humilde a\u00e7\u00e3o, que se faria atrav\u00e9s do atendimento de doentes, caso a caso, pudesse ser considerada um servi\u00e7o \u00e0 Humanidade. Mas cedo aprendi que assim \u00c9. Cada intera\u00e7\u00e3o e doa\u00e7\u00e3o do nosso saber, aten\u00e7\u00e3o e amor a uma pessoa que sofre \u00e9 um ato de Humanidade. Cada ato, irrepet\u00edvel, renovado e co-criado, faz de n\u00f3s pessoas melhores, individual e coletivamente, e contribui para a transforma\u00e7\u00e3o do mundo.<\/p>\n<p>Mais tarde, alarguei horizontes com a possibilidade de interven\u00e7\u00e3o a n\u00edvel populacional, participando em diversas campanhas de preven\u00e7\u00e3o no \u00e2mbito da minha especialidade, a cardiologia. Aprendi a dificuldade de conseguir a ades\u00e3o dos media, meios privilegiados para transmitir de forma efetiva as mensagens a todos os portugueses, mesmo aos que habitam nos locais mais rec\u00f4nditos. E da \u00e1rdua tarefa de obter patroc\u00ednios para conseguir criar e produzir materiais para essas campanhas, que eram depois distribu\u00eddos \u00e0s r\u00e1dios, televis\u00f5es, jornais, outdoors. E da desilus\u00e3o com o facto de que, pouco tempo depois de tanto esfor\u00e7o, tudo parecia esquecido, pela falta de repeti\u00e7\u00e3o das mensagens de sa\u00fade em contraponto com as inser\u00e7\u00f5es publicit\u00e1rias diariamente repetidas, por exemplo, pelas grandes empresas de g\u00e9neros alimentares menos saud\u00e1veis.<\/p>\n<p>Uma outra parte do juramento que fiz ent\u00e3o, referia:\u00a0<em>Guardarei respeito absoluto pela Vida Humana desde o seu ini\u0301cio, mesmo sob ameac\u0327a e na\u0303o farei uso dos meus conhecimentos Me\u0301dicos contra as leis da Humanidade.<\/em><\/p>\n<div class=\"obs-ad-container obs-ad-container-web_article_double obs-in-article-container-empty obs-in-article-container obs-ad-group-article-double\" data-amp-ad-marker=\"\">\n<div>\n<div id=\"web_article_double_1\" class=\"obs-ad small obs-ad-trigger-scroll\"><\/div>\n<\/div>\n<div>\n<div id=\"web_article_double_2\" class=\"obs-ad small obs-ad-trigger-scroll\"><\/div>\n<\/div>\n<\/div>\n<p>Esta parte do juramento veio a mostrar-se um desafio cada vez maior para os m\u00e9dicos, como por exemplo no que concerne a quest\u00f5es da interrup\u00e7\u00e3o volunt\u00e1ria de gravidez, da procria\u00e7\u00e3o medicamente assistida (com gera\u00e7\u00e3o de embri\u00f5es que depois ser\u00e3o descartados) ou da eutan\u00e1sia, e acabou por levar \u00e0 sua reformula\u00e7\u00e3o. No entanto, s\u00e3o as atuais abordagens contra a pandemia de Covid-19 que est\u00e3o a lan\u00e7ar a humanidade e os princ\u00edpios \u00e9ticos num precip\u00edcio de dif\u00edcil retorno, com a participa\u00e7\u00e3o ativa de uns poucos m\u00e9dicos e o niilismo ou a passividade de quase todos os restantes, em contradi\u00e7\u00e3o com os princ\u00edpios da nossa profiss\u00e3o.<\/p>\n<p>O governo de Portugal, assim como o da maioria dos pa\u00edses do mundo, optou desde cedo por uma estrat\u00e9gia de vacina\u00e7\u00e3o como a principal esperan\u00e7a e arma para debelar a pandemia por SARS-CoV-2, um v\u00edrus respirat\u00f3rio, mutante, como s\u00e3o os v\u00edrus de RNA, pertencente a uma esp\u00e9cie de coronav\u00edrus para qual nenhuma vacina teve anteriormente um desempenho seguro e eficaz.<\/p>\n<p>As vacinas criadas em tempo recorde e com comercializa\u00e7\u00e3o autorizada pelas principais ag\u00eancias internacionais do medicamento, apenas de forma condicional (ou para uso de emerg\u00eancia) por insufici\u00eancia de dados de efic\u00e1cia e seguran\u00e7a, foram rapidamente produzidas e distribu\u00eddas \u00e0 escala global.<\/p>\n<p>Promovidas diariamente nos media como seguras e eficazes, as pessoas foram primeiro convidadas, depois coagidas e, em alguns estados, obrigadas a tom\u00e1-las, com metodologias equipar\u00e1veis em todo o mundo: divulga\u00e7\u00e3o massiva das supostas vantagens para a prote\u00e7\u00e3o individual, para a prote\u00e7\u00e3o de grupo, para a defesa da economia, da educa\u00e7\u00e3o, para o retorno \u00e0 vida normal; necess\u00e1rias para a obten\u00e7\u00e3o do certificado digital de vacina\u00e7\u00e3o, criado para se poder circular entre pa\u00edses, mas cujo \u00e2mbito se alargou para entrar em estabelecimentos comerciais, eventos (familiares, desportivos, culturais, profissionais), lares, hospitais, escolas. E em alguns pa\u00edses os abusos dos direitos e liberdades dos cidad\u00e3os chegaram mesmo \u00e0 obrigatoriedade de inje\u00e7\u00f5es com estas vacinas.<\/p>\n<div class=\"obs-ad-container obs-ad-container-web_article_middle obs-in-article-container obs-in-article-container-empty\">\n<div id=\"web_article_middle_2\" class=\"obs-ad obs-ad-trigger-scroll\"><\/div>\n<\/div>\n<p>Mas h\u00e1 diversas incongru\u00eancias relativamente a estas vacinas, que apresentam graves lacunas na comprova\u00e7\u00e3o dos seus pressupostos cient\u00edficos, se conjugadas com toda a press\u00e3o exercida sobre as pessoas para que as recebam.<\/p>\n<p>Sen\u00e3o, vejamos:<\/p>\n<p>As vacinas n\u00e3o s\u00e3o esterilizantes, n\u00e3o impedem o cont\u00e1gio nem a transmiss\u00e3o. N\u00e3o conferem prote\u00e7\u00e3o de grupo, quando muito conferem prote\u00e7\u00e3o individual aos indiv\u00edduos de risco, para doen\u00e7a grave e morte por COVID-19. A efic\u00e1cia das vacinas no que se refere aos t\u00edtulos de anticorpos diminui muito rapidamente ao longo do tempo, em meses, e as novas variantes contribuem para o escape vacinal, ou seja, para a inefic\u00e1cia das vacinas.<\/p>\n<p>A imunidade induzida pelas vacinas \u00e9 inferior \u00e0 conferida pela infe\u00e7\u00e3o natural e as vantagens da vacina\u00e7\u00e3o de recuperados de infe\u00e7\u00e3o por SARS-CoV-2, al\u00e9m de cientificamente improv\u00e1vel, n\u00e3o foi demonstrada em estudos aleatorizados, n\u00e3o se compreendendo porque \u00e9 efetuada a vacina\u00e7\u00e3o de pessoas que j\u00e1 sofreram a doen\u00e7a.<\/p>\n<p>A t\u00e3o apregoada seguran\u00e7a das vacinas, da forma como se entendeu a seguran\u00e7a de um medicamento at\u00e9 2019, n\u00e3o existe. S\u00e3o vacinas particularmente mort\u00edferas, uma m\u00e1cula na hist\u00f3ria da medicina, que j\u00e1 devia ter levado, logo nos dois primeiros meses de aplica\u00e7\u00e3o, a uma interrup\u00e7\u00e3o dos programas de vacina\u00e7\u00e3o em humanos at\u00e9 um melhor esclarecimento cient\u00edfico dos motivos das muitas e variadas rea\u00e7\u00f5es adversas graves e casos de morte que foram notificados \u00e0s entidades reguladoras dos medicamentos, nomeadamente europeias e americanas.<\/p>\n<div class=\"obs-ad-container obs-ad-container-web_article_middle obs-in-article-container obs-in-article-container-empty\">\n<div id=\"web_article_middle_3\" class=\"obs-ad obs-ad-trigger-scroll\"><\/div>\n<\/div>\n<p>Apesar dos n\u00fameros sem precedentes de rea\u00e7\u00f5es adversas, n\u00e3o tem havido interesse das autoridades do medicamento em promover uma farmacovigil\u00e2ncia ativa, ou em tornar obrigat\u00f3ria a notifica\u00e7\u00e3o de mortes ocorridas nos primeiros 15 dias ap\u00f3s vacina\u00e7\u00e3o, sobretudo nos grupos mais vulner\u00e1veis, como nos idosos e residentes em lares, em gr\u00e1vidas e em crian\u00e7as. As aut\u00f3psias de vacinados, que poderiam ajudar a compreender objetivamente o que se est\u00e1 a passar, s\u00e3o sistematicamente dispensadas.<\/p>\n<p>N\u00e3o h\u00e1 estudos em gr\u00e1vidas, nem em m\u00e3es que amamentam, e no entanto, as autoridades de sa\u00fade recomendam a vacina\u00e7\u00e3o destes grupos, como segura e eficaz.<\/p>\n<p>A Covid-19 \u00e9 uma doen\u00e7a benigna nas crian\u00e7as e jovens, e contudo, as vacinas, ainda sem estudos de seguran\u00e7a a longo prazo, conseguiram uma aprova\u00e7\u00e3o condicional nos EUA e UE para os maiores de 12 anos, e anuncia-se uma aprova\u00e7\u00e3o breve para os maiores de 5 anos.<\/p>\n<p>N\u00e3o h\u00e1 estudos sobre a intera\u00e7\u00e3o medicamentosa das vacinas com outros medicamentos, entre os quais vacinas para outras patologias, e mesmo assim, pondera-se a administra\u00e7\u00e3o conjunta com vacinas para a gripe; tome-se como exemplo Portugal, onde \u00e0 falta de recomenda\u00e7\u00e3o da Ag\u00eancia Europeia do Medicamento (EMA) a Dire\u00e7\u00e3o-Geral da Sa\u00fade anuncia que espera uma posi\u00e7\u00e3o da Organiza\u00e7\u00e3o Mundial da Sa\u00fade.<\/p>\n<div class=\"obs-ad-container obs-ad-container-web_article_middle obs-in-article-container obs-in-article-container-empty\">\n<div id=\"web_article_middle_4\" class=\"obs-ad obs-ad-trigger-scroll\"><\/div>\n<\/div>\n<p>Ao contr\u00e1rio das doses adicionais para imunodeprimidos, as doses de refor\u00e7o (terceira dose) n\u00e3o foram recomendadas pela EMA, por falta de evid\u00eancia atual de efic\u00e1cia (que poder\u00e1 vir ainda a emergir) e por dados limitados de seguran\u00e7a, (um pequeno estudo que incluiu apenas pessoas dos 18 aos 55 anos). Apesar disso, as autoridades de sa\u00fade de Portugal apressaram-se a recomendar a dose de refor\u00e7o para maiores de 65 anos.<\/p>\n<p>As vacinas n\u00e3o s\u00e3o eficazes nem seguras, e ainda assim, Portugal, que se encontra entre os pa\u00edses com maior taxa de vacina\u00e7\u00e3o do mundo, para al\u00e9m dos 15 milh\u00f5es de doses j\u00e1 administradas vai receber mais de 6 milh\u00f5es ainda em 2021, para continuar a inocular a sua popula\u00e7\u00e3o.<\/p>\n<p>Aos m\u00e9dicos e aos outros profissionais de sa\u00fade, os principais defensores da sa\u00fade das pessoas, muito raramente \u00e9 dada oportunidade nos media para questionar a seguran\u00e7a e a efic\u00e1cia das vacinas. Se o fazem em espa\u00e7os p\u00fablicos ou nas redes sociais s\u00e3o injuriados como negacionistas, obscurantistas, defensores de teorias da conspira\u00e7\u00e3o e, por vezes, as suas contas fechadas, os seus artigos recusados ou despublicados e at\u00e9 lhes s\u00e3o instaurados processos disciplinares.<\/p>\n<p>Os jornalistas n\u00e3o fazem perguntas inc\u00f3modas aos defensores destas terap\u00eauticas biol\u00f3gicas em fase experimental para todos e os media repetem diariamente, desde h\u00e1 mais de um ano e meio, not\u00edcias que causam o medo sobre a pandemia e mensagens positivas e esperan\u00e7osas sobre as vacinas. Colando-se \u00e0 narrativa oficial promovida pelo poder pol\u00edtico, dia ap\u00f3s dia, conseguiram convencer as popula\u00e7\u00f5es a aderir a programas de vacina\u00e7\u00e3o apesar das muitas quest\u00f5es de efic\u00e1cia e seguran\u00e7a que se levantam. Mas n\u00e3o investiram tempo a divulgar medidas fundamentais de mudan\u00e7a de estilo de vida para prevenir um mau progn\u00f3stico perante uma infe\u00e7\u00e3o por SARS-CoV-2, como a redu\u00e7\u00e3o do peso em excesso ou o controlo da tens\u00e3o arterial, por exemplo. E em jeito de desabafo, como seria a realidade das doen\u00e7as cardiovasculares, a principal causa de mortalidade em Portugal e no mundo, se diariamente lhes fosse dedicado o mesmo tempo pelos meios de comunica\u00e7\u00e3o social?<\/p>\n<p>N\u00e3o se pode deixar de perguntar: que intenso e especial interesse t\u00eam os governos e os media na promo\u00e7\u00e3o da vacina\u00e7\u00e3o para a COVID-19 e que n\u00e3o foi anteriormente manifestado para a promo\u00e7\u00e3o de abordagens para doen\u00e7as cr\u00f3nicas muito devastadoras?<\/p>\n<p>As pessoas que foram v\u00edtimas das rea\u00e7\u00f5es adversas das vacinas e os seus familiares t\u00eam dificuldade em partilhar publicamente as suas perdas, ser\u00e3o porventura negacionistas se o tentarem fazer ou se se organizarem em associa\u00e7\u00f5es de doentes, e os laborat\u00f3rios farmac\u00eauticos est\u00e3o isentos de responsabilidades pelos danos causados \u00e0s pessoas pela comercializa\u00e7\u00e3o destes produtos biol\u00f3gicos ainda em fase experimental.<\/p>\n<div class=\"obs-ad-container obs-ad-container-web_article_middle obs-in-article-container obs-in-article-container-empty\">\n<div id=\"web_article_middle_5\" class=\"obs-ad obs-ad-trigger-scroll\"><\/div>\n<\/div>\n<p>Com honrosas exce\u00e7\u00f5es, as sociedades cient\u00edficas e associa\u00e7\u00f5es profissionais renunciaram ao seu papel imparcial de investiga\u00e7\u00e3o, de valida\u00e7\u00e3o cient\u00edfica, de monitoriza\u00e7\u00e3o e de observat\u00f3rio de eventos cl\u00ednicos, de forma\u00e7\u00e3o m\u00e9dica, de emiss\u00e3o de recomenda\u00e7\u00f5es para os profissionais de sa\u00fade, quando estes possam levar a a\u00e7\u00f5es e resultados contra a narrativa oficial pr\u00f3-vacinal. No que \u00e0 pandemia diz respeito, na sua maioria mais parecem fracos ecos de um som cuja origem n\u00e3o se discerne. O que leva a questionar sobre potenciais conflitos de interesses.<\/p>\n<p>Os m\u00e9dicos que usam a pr\u00f3pria cabe\u00e7a para estudar, observar, refletir, decidir em fun\u00e7\u00e3o de cada caso e em fun\u00e7\u00e3o da pr\u00f3pria experi\u00eancia, que em vez de seguir cegamente normas incongruentes, e com inexistentes ou duvidosas bases cient\u00edficas, seguem o princ\u00edpio hipocr\u00e1tico que figura em todos os cart\u00f5es da Ordem dos M\u00e9dicos \u2013\u00a0<em>A sa\u00fade do meu doente ser\u00e1 a minha primeira preocupa\u00e7\u00e3o \u2013\u00a0<\/em>precisam medir muito bem os atos e as palavras para que n\u00e3o sejam caluniados, atacados na sua reputa\u00e7\u00e3o ou lhes sejam suspensas as c\u00e9dulas profissionais.<\/p>\n<p>Por isso, neste artigo apenas se apresentam factos que atestam a incoer\u00eancia de muitas medidas preconizadas e implementadas no conturbado per\u00edodo que atravessamos, para que cada um possa tirar as pr\u00f3prias conclus\u00f5es.<\/p>\n<p>Mas com mais convic\u00e7\u00e3o ainda do que naquele dia h\u00e1 38 anos, reafirmo o juramento que fiz e convido todos os colegas a fazerem-no tamb\u00e9m, com consci\u00eancia e coragem. Alguns talvez prefiram a vers\u00e3o mais recente donde destaco este excerto:<\/p>\n<p><em>N\u00e3o usarei os meus conhecimentos m\u00e9dicos para violar direitos humanos e liberdades civis, mesmo sob amea\u00e7a.<\/em><\/p>\n<div id=\"recirculation-optimize-test\"><\/div>\n<div class=\"obs-ad-container obs-ad-container-web_article_end obs-in-article-container obs-in-article-container-empty\">\n<div id=\"web_article_end_1\" class=\"obs-ad obs-ad-trigger-scroll\"><\/div>\n<\/div>\n","protected":false},"excerpt":{"rendered":"<p>N\u00e3o vou citar o jornal fascista de onde tirei o texto abaixo. N\u00e3o coloco LIKES em not\u00edcias de jornais fascistas. Nem costumo, tamb\u00e9m, fazer coment\u00e1rios a not\u00edcias de jornais fasciz\u00f3ides, cujas publica\u00e7\u00f5es t\u00eam apenas o intuito de derrubar a muralha de esquerda que Portugal conseguiu criar. Mas o texto abaixo rebenta com o obscurantismo da [&hellip;]<\/p>\n","protected":false},"author":1,"featured_media":0,"comment_status":"open","ping_status":"closed","sticky":false,"template":"","format":"standard","meta":{"footnotes":""},"categories":[1],"tags":[],"_links":{"self":[{"href":"http:\/\/www.inacreditavel.pt\/index.php?rest_route=\/wp\/v2\/posts\/24671"}],"collection":[{"href":"http:\/\/www.inacreditavel.pt\/index.php?rest_route=\/wp\/v2\/posts"}],"about":[{"href":"http:\/\/www.inacreditavel.pt\/index.php?rest_route=\/wp\/v2\/types\/post"}],"author":[{"embeddable":true,"href":"http:\/\/www.inacreditavel.pt\/index.php?rest_route=\/wp\/v2\/users\/1"}],"replies":[{"embeddable":true,"href":"http:\/\/www.inacreditavel.pt\/index.php?rest_route=%2Fwp%2Fv2%2Fcomments&post=24671"}],"version-history":[{"count":4,"href":"http:\/\/www.inacreditavel.pt\/index.php?rest_route=\/wp\/v2\/posts\/24671\/revisions"}],"predecessor-version":[{"id":24675,"href":"http:\/\/www.inacreditavel.pt\/index.php?rest_route=\/wp\/v2\/posts\/24671\/revisions\/24675"}],"wp:attachment":[{"href":"http:\/\/www.inacreditavel.pt\/index.php?rest_route=%2Fwp%2Fv2%2Fmedia&parent=24671"}],"wp:term":[{"taxonomy":"category","embeddable":true,"href":"http:\/\/www.inacreditavel.pt\/index.php?rest_route=%2Fwp%2Fv2%2Fcategories&post=24671"},{"taxonomy":"post_tag","embeddable":true,"href":"http:\/\/www.inacreditavel.pt\/index.php?rest_route=%2Fwp%2Fv2%2Ftags&post=24671"}],"curies":[{"name":"wp","href":"https:\/\/api.w.org\/{rel}","templated":true}]}}