{"id":24651,"date":"2021-07-22T21:24:08","date_gmt":"2021-07-22T21:24:08","guid":{"rendered":"http:\/\/www.inacreditavel.pt\/?p=24651"},"modified":"2021-07-22T21:24:08","modified_gmt":"2021-07-22T21:24:08","slug":"jaquinzinhos-fritos","status":"publish","type":"post","link":"http:\/\/www.inacreditavel.pt\/?p=24651","title":{"rendered":"Jaquinzinhos fritos"},"content":{"rendered":"<p><a href=\"http:\/\/www.inacreditavel.pt\/?attachment_id=24652\" rel=\"attachment wp-att-24652\"><img loading=\"lazy\" decoding=\"async\" src=\"http:\/\/www.inacreditavel.pt\/wp-content\/uploads\/sites\/17\/2021\/07\/carapaus-1024x768.jpg\" alt=\"\" width=\"840\" height=\"630\" class=\"aligncenter size-large wp-image-24652\" srcset=\"http:\/\/www.inacreditavel.pt\/wp-content\/uploads\/sites\/17\/2021\/07\/carapaus-1024x768.jpg 1024w, http:\/\/www.inacreditavel.pt\/wp-content\/uploads\/sites\/17\/2021\/07\/carapaus-300x225.jpg 300w, http:\/\/www.inacreditavel.pt\/wp-content\/uploads\/sites\/17\/2021\/07\/carapaus-768x576.jpg 768w, http:\/\/www.inacreditavel.pt\/wp-content\/uploads\/sites\/17\/2021\/07\/carapaus-1200x900.jpg 1200w, http:\/\/www.inacreditavel.pt\/wp-content\/uploads\/sites\/17\/2021\/07\/carapaus.jpg 1440w\" sizes=\"(max-width: 840px) 100vw, 840px\" \/><\/a><\/p>\n<p>Um tipo que eu c\u00e1 conhe\u00e7o, um dia em conversa de petiscos, disse-me: &#8220;L\u00e1 em casa n\u00e3o comemos fritos&#8221;.<\/p>\n<p>Deve ter pensado &#8220;os fritos s\u00e3o para os pobres, ou pobres de esp\u00edrito&#8221;, e como ele anda sempre em bicos de p\u00e9s, porque \u00e9 baixinho, saiu-se com esta.<\/p>\n<p>Uns anos mais tarde, convidou-me para almo\u00e7ar em casa dele: pataniscas fritas.<\/p>\n<p>Gosto de tipos que reveem os seus princ\u00edpios de vida.<\/p>\n","protected":false},"excerpt":{"rendered":"<p>Um tipo que eu c\u00e1 conhe\u00e7o, um dia em conversa de petiscos, disse-me: &#8220;L\u00e1 em casa n\u00e3o comemos fritos&#8221;. Deve ter pensado &#8220;os fritos s\u00e3o para os pobres, ou pobres de esp\u00edrito&#8221;, e como ele anda sempre em bicos de p\u00e9s, porque \u00e9 baixinho, saiu-se com esta. Uns anos mais tarde, convidou-me para almo\u00e7ar em [&hellip;]<\/p>\n","protected":false},"author":1,"featured_media":0,"comment_status":"open","ping_status":"closed","sticky":false,"template":"","format":"standard","meta":{"footnotes":""},"categories":[1],"tags":[],"_links":{"self":[{"href":"http:\/\/www.inacreditavel.pt\/index.php?rest_route=\/wp\/v2\/posts\/24651"}],"collection":[{"href":"http:\/\/www.inacreditavel.pt\/index.php?rest_route=\/wp\/v2\/posts"}],"about":[{"href":"http:\/\/www.inacreditavel.pt\/index.php?rest_route=\/wp\/v2\/types\/post"}],"author":[{"embeddable":true,"href":"http:\/\/www.inacreditavel.pt\/index.php?rest_route=\/wp\/v2\/users\/1"}],"replies":[{"embeddable":true,"href":"http:\/\/www.inacreditavel.pt\/index.php?rest_route=%2Fwp%2Fv2%2Fcomments&post=24651"}],"version-history":[{"count":1,"href":"http:\/\/www.inacreditavel.pt\/index.php?rest_route=\/wp\/v2\/posts\/24651\/revisions"}],"predecessor-version":[{"id":24653,"href":"http:\/\/www.inacreditavel.pt\/index.php?rest_route=\/wp\/v2\/posts\/24651\/revisions\/24653"}],"wp:attachment":[{"href":"http:\/\/www.inacreditavel.pt\/index.php?rest_route=%2Fwp%2Fv2%2Fmedia&parent=24651"}],"wp:term":[{"taxonomy":"category","embeddable":true,"href":"http:\/\/www.inacreditavel.pt\/index.php?rest_route=%2Fwp%2Fv2%2Fcategories&post=24651"},{"taxonomy":"post_tag","embeddable":true,"href":"http:\/\/www.inacreditavel.pt\/index.php?rest_route=%2Fwp%2Fv2%2Ftags&post=24651"}],"curies":[{"name":"wp","href":"https:\/\/api.w.org\/{rel}","templated":true}]}}