{"id":24599,"date":"2020-11-27T11:41:43","date_gmt":"2020-11-27T11:41:43","guid":{"rendered":"http:\/\/www.inacreditavel.pt\/?p=24599"},"modified":"2020-11-27T11:41:43","modified_gmt":"2020-11-27T11:41:43","slug":"salmao-sueco","status":"publish","type":"post","link":"http:\/\/www.inacreditavel.pt\/?p=24599","title":{"rendered":"Salm\u00e3o sueco"},"content":{"rendered":"<p>No tempo da Pipi das Meias Altas, uns suecos ofereceram um salm\u00e3o fumado, com tr\u00eas quilos, ao meu pai.<br \/>\nN\u00e3o era salm\u00e3o \u00e0s fatias, era um peda\u00e7o inteiro.<br \/>\nOs tempos eram outros.<\/p>\n<p>Pela janela, o sol brilhava de forma estranha. Se havia sol, n\u00e3o havia c\u00e9u, se havia c\u00e9u, n\u00e3o havia p\u00e1ssaros. Uma n\u00e9voa escondia o horizonte.<br \/>\nO vinte cinco de abril ainda nem sonhava com os capit\u00e3es.<br \/>\nO povo era pobre, e o pa\u00eds, de poucos.<\/p>\n<p>Comemos salm\u00e3o durante um ano inteiro. Mas sempre segundo a receita  que os suecos nos confiaram.<br \/>\nUma fatia de p\u00e3o, uma pel\u00edcula de manteiga, uma folha de alface, uma camada de ovo mexido, e uma fina coberta de salm\u00e3o que retir\u00e1vamos do lombo com uma faca muito afiada.<\/p>\n<p><a href=\"http:\/\/www.inacreditavel.pt\/?attachment_id=24600\" rel=\"attachment wp-att-24600\"><img loading=\"lazy\" decoding=\"async\" src=\"http:\/\/www.inacreditavel.pt\/wp-content\/uploads\/sites\/17\/2020\/11\/pipi-meias-altas.jpg\" alt=\"\" width=\"400\" height=\"528\" class=\"aligncenter size-full wp-image-24600\" srcset=\"http:\/\/www.inacreditavel.pt\/wp-content\/uploads\/sites\/17\/2020\/11\/pipi-meias-altas.jpg 400w, http:\/\/www.inacreditavel.pt\/wp-content\/uploads\/sites\/17\/2020\/11\/pipi-meias-altas-227x300.jpg 227w\" sizes=\"(max-width: 400px) 100vw, 400px\" \/><\/a><\/p>\n","protected":false},"excerpt":{"rendered":"<p>No tempo da Pipi das Meias Altas, uns suecos ofereceram um salm\u00e3o fumado, com tr\u00eas quilos, ao meu pai. N\u00e3o era salm\u00e3o \u00e0s fatias, era um peda\u00e7o inteiro. Os tempos eram outros. Pela janela, o sol brilhava de forma estranha. Se havia sol, n\u00e3o havia c\u00e9u, se havia c\u00e9u, n\u00e3o havia p\u00e1ssaros. Uma n\u00e9voa escondia [&hellip;]<\/p>\n","protected":false},"author":1,"featured_media":0,"comment_status":"open","ping_status":"closed","sticky":false,"template":"","format":"standard","meta":{"footnotes":""},"categories":[1],"tags":[],"_links":{"self":[{"href":"http:\/\/www.inacreditavel.pt\/index.php?rest_route=\/wp\/v2\/posts\/24599"}],"collection":[{"href":"http:\/\/www.inacreditavel.pt\/index.php?rest_route=\/wp\/v2\/posts"}],"about":[{"href":"http:\/\/www.inacreditavel.pt\/index.php?rest_route=\/wp\/v2\/types\/post"}],"author":[{"embeddable":true,"href":"http:\/\/www.inacreditavel.pt\/index.php?rest_route=\/wp\/v2\/users\/1"}],"replies":[{"embeddable":true,"href":"http:\/\/www.inacreditavel.pt\/index.php?rest_route=%2Fwp%2Fv2%2Fcomments&post=24599"}],"version-history":[{"count":1,"href":"http:\/\/www.inacreditavel.pt\/index.php?rest_route=\/wp\/v2\/posts\/24599\/revisions"}],"predecessor-version":[{"id":24601,"href":"http:\/\/www.inacreditavel.pt\/index.php?rest_route=\/wp\/v2\/posts\/24599\/revisions\/24601"}],"wp:attachment":[{"href":"http:\/\/www.inacreditavel.pt\/index.php?rest_route=%2Fwp%2Fv2%2Fmedia&parent=24599"}],"wp:term":[{"taxonomy":"category","embeddable":true,"href":"http:\/\/www.inacreditavel.pt\/index.php?rest_route=%2Fwp%2Fv2%2Fcategories&post=24599"},{"taxonomy":"post_tag","embeddable":true,"href":"http:\/\/www.inacreditavel.pt\/index.php?rest_route=%2Fwp%2Fv2%2Ftags&post=24599"}],"curies":[{"name":"wp","href":"https:\/\/api.w.org\/{rel}","templated":true}]}}