{"id":24595,"date":"2020-10-18T22:58:33","date_gmt":"2020-10-18T22:58:33","guid":{"rendered":"http:\/\/www.inacreditavel.pt\/?p=24595"},"modified":"2020-10-18T22:58:33","modified_gmt":"2020-10-18T22:58:33","slug":"o-milagre-sueco","status":"publish","type":"post","link":"http:\/\/www.inacreditavel.pt\/?p=24595","title":{"rendered":"O milagre sueco"},"content":{"rendered":"<p>O milagre sueco.<\/p>\n<p>Os suecos deixaram os velhos morrer. No Eixo do Mal de 5\u00aa feira passada, a Clara Ferreira Alves foi mais longe e disse mesmo: os suecos mataram os velhos.<br \/>\nPorque se fala tanto da Su\u00e9cia aqui em Portugal? Porque temos a mesma popula\u00e7\u00e3o e, por isso, somos compar\u00e1veis.<\/p>\n<p>No dia de hoje, temos quase o mesmo n\u00famero de infetados declarados, mas a Su\u00e9cia tem quase o triplo dos mortos, e apenas 60% do nosso n\u00famero de testes. Ali\u00e1s, aparentemente a Su\u00e9cia n\u00e3o testa: despreocuparam-se; n\u00e3o querem saber do COVID; n\u00e3o controlam o n\u00famero de recuperados, nem sabem o n\u00famero de casos ativos; e, consequentemente, ser\u00e3o os n\u00fameros deles fi\u00e1veis?<\/p>\n<p>Admitamos que o n\u00famero de mortos suecos \u00e9 real, ou seja, que todos os mortos por COVID na Su\u00e9cia s\u00e3o apenas os 5.918 de hoje. Na Su\u00e9cia, morrem em m\u00e9dia por dia cerca de 5 pessoas, atualmente, depois da grande mortandade dos primeiros meses. O que \u00e9 que isso significa?<br \/>\nQue os mais fracos foram extreminados na primeira vaga, em casa e nos lares, sem sequer saturarem os servi\u00e7os de sa\u00fade, nem pararem a economia?<br \/>\nQue os que ainda est\u00e3o vivos s\u00e3o os mais fortes e que, em geral, v\u00e3o ultrapassar esta crise? Que poucos mais v\u00e3o morrer? Isso leva-nos a uma percentagem de 0,059% de fatalidades por COVID na popula\u00e7\u00e3o sueca, que poder\u00edamos extrapolar para outras popula\u00e7\u00f5es &#8211; esquecendo diferen\u00e7as gen\u00e9ticas, culturais, de densidade populacional, clim\u00e1ticas ou de alimenta\u00e7\u00e3o &#8211; nomeadamente para a popula\u00e7\u00e3o portuguesa. Se assim for, quando chegarmos \u00e0s 6 mil mortes, a curva das baixas come\u00e7a a aproximar-se da horizontal.<\/p>\n<p>Mas h\u00e1 14 pa\u00edses com uma taxa maior de mortos que a Su\u00e9cia, e o maior &#8211; tirando o caso particular de S\u00e3o Marino &#8211; \u00e9 o Per\u00fa com quase o dobro da percentagem de mortos sobre a popula\u00e7\u00e3o: 0,1%. Mas neste caso, a explica\u00e7\u00e3o, se a houver, pode estar nas diferen\u00e7as culturais ou clim\u00e1ticas.<br \/>\nVamos ver o que este inverno nos traz.<\/p>\n<p><a href=\"https:\/\/www.worldometers.info\/coronavirus\/\">https:\/\/www.worldometers.info\/coronavirus\/<\/a><\/p>\n","protected":false},"excerpt":{"rendered":"<p>O milagre sueco. Os suecos deixaram os velhos morrer. No Eixo do Mal de 5\u00aa feira passada, a Clara Ferreira Alves foi mais longe e disse mesmo: os suecos mataram os velhos. Porque se fala tanto da Su\u00e9cia aqui em Portugal? Porque temos a mesma popula\u00e7\u00e3o e, por isso, somos compar\u00e1veis. No dia de hoje, [&hellip;]<\/p>\n","protected":false},"author":1,"featured_media":0,"comment_status":"open","ping_status":"closed","sticky":false,"template":"","format":"standard","meta":{"footnotes":""},"categories":[1],"tags":[],"_links":{"self":[{"href":"http:\/\/www.inacreditavel.pt\/index.php?rest_route=\/wp\/v2\/posts\/24595"}],"collection":[{"href":"http:\/\/www.inacreditavel.pt\/index.php?rest_route=\/wp\/v2\/posts"}],"about":[{"href":"http:\/\/www.inacreditavel.pt\/index.php?rest_route=\/wp\/v2\/types\/post"}],"author":[{"embeddable":true,"href":"http:\/\/www.inacreditavel.pt\/index.php?rest_route=\/wp\/v2\/users\/1"}],"replies":[{"embeddable":true,"href":"http:\/\/www.inacreditavel.pt\/index.php?rest_route=%2Fwp%2Fv2%2Fcomments&post=24595"}],"version-history":[{"count":1,"href":"http:\/\/www.inacreditavel.pt\/index.php?rest_route=\/wp\/v2\/posts\/24595\/revisions"}],"predecessor-version":[{"id":24596,"href":"http:\/\/www.inacreditavel.pt\/index.php?rest_route=\/wp\/v2\/posts\/24595\/revisions\/24596"}],"wp:attachment":[{"href":"http:\/\/www.inacreditavel.pt\/index.php?rest_route=%2Fwp%2Fv2%2Fmedia&parent=24595"}],"wp:term":[{"taxonomy":"category","embeddable":true,"href":"http:\/\/www.inacreditavel.pt\/index.php?rest_route=%2Fwp%2Fv2%2Fcategories&post=24595"},{"taxonomy":"post_tag","embeddable":true,"href":"http:\/\/www.inacreditavel.pt\/index.php?rest_route=%2Fwp%2Fv2%2Ftags&post=24595"}],"curies":[{"name":"wp","href":"https:\/\/api.w.org\/{rel}","templated":true}]}}