{"id":24591,"date":"2020-08-12T08:52:41","date_gmt":"2020-08-12T08:52:41","guid":{"rendered":"http:\/\/www.inacreditavel.pt\/?p=24591"},"modified":"2020-08-12T08:53:12","modified_gmt":"2020-08-12T08:53:12","slug":"e-2","status":"publish","type":"post","link":"http:\/\/www.inacreditavel.pt\/?p=24591","title":{"rendered":"Algarve em tempos de mis\u00e9ria"},"content":{"rendered":"<p>No tempo da mis\u00e9ria &#8211; quando em Tavira se comia dentro da gaveta; e em Boliqueime, quem parasse para pedir \u00e1gua, levava tareia &#8211; nas encostas do barrocal, os homens emigravam para a Argentina. Esperavam meses, em desespero, por uma carta de chamada. <\/p>\n<p>Algu\u00e9m, na Argentina, tinha que declarar que precisava de tantos homens para trabalhar e que se responsabilizava por eles.<br \/>\nA carta de chamada chegou e os homens do meu s\u00edtio avan\u00e7aram, sem medo.<\/p>\n<p>Uma noite, j\u00e1 com a viagem preparada, subiram para carro\u00e7a e desceram a encosta para apanhar o comboio das 23h55 em Boliqueime. Eram uns dez ou doze, sentados nas t\u00e1buas laterais do ve\u00edculo de tra\u00e7\u00e3o h\u00edbrida.<br \/>\nAo fundo da ladeira dos Matos, a estrada apresenta uma inflex\u00e3o em cotovelo, ainda hoje perigosa para os autom\u00f3veis: a famigerada curva de Alfontes.<\/p>\n<p>A trupe descia embalada ao longo da ladeira, e a velocidade parecia aumentar com a euforia da expectativa de cruzar o Atl\u00e2ntico. Ao chegar \u00e0 curva, a in\u00e9rcia da barca era m\u00e1xima. O animal matraqueava o ch\u00e3o com os cascos, puxando o peso rodopiante do atrelado com o cacha\u00e7o, mas a carro\u00e7a resvalou e embarrancou. Todo o conjunto adornou e o j\u00fabilo por ali ficou.<\/p>\n<p>Os retirantes come\u00e7aram a recompor-se, e dois deles foram ajudar a mula, que n\u00e3o tinha culpa nenhuma, a levantar-se.<br \/>\nUm ou dois desistiram, e voltaram a p\u00e9 para tr\u00e1s. Aquilo tinha sido um mau come\u00e7o da viagem, pensaram, um mau pren\u00fancio.<br \/>\nOs outros &#8211; entre eles o Jos\u00e9 Debr\u00fazias e o Jo\u00e3o Rita &#8211; saltaram para cima do carro e gritaram: &#8220;Vamos embora&#8221;.<\/p>\n<p>E, no meio daquela epopeia, um deles acrescentou, a pulm\u00f5es cheios: &#8220;Eu j\u00e1 nem sei falar portugu\u00eas!&#8221;.<\/p>\n","protected":false},"excerpt":{"rendered":"<p>No tempo da mis\u00e9ria &#8211; quando em Tavira se comia dentro da gaveta; e em Boliqueime, quem parasse para pedir \u00e1gua, levava tareia &#8211; nas encostas do barrocal, os homens emigravam para a Argentina. Esperavam meses, em desespero, por uma carta de chamada. Algu\u00e9m, na Argentina, tinha que declarar que precisava de tantos homens para [&hellip;]<\/p>\n","protected":false},"author":1,"featured_media":0,"comment_status":"open","ping_status":"closed","sticky":false,"template":"","format":"standard","meta":{"footnotes":""},"categories":[1],"tags":[],"_links":{"self":[{"href":"http:\/\/www.inacreditavel.pt\/index.php?rest_route=\/wp\/v2\/posts\/24591"}],"collection":[{"href":"http:\/\/www.inacreditavel.pt\/index.php?rest_route=\/wp\/v2\/posts"}],"about":[{"href":"http:\/\/www.inacreditavel.pt\/index.php?rest_route=\/wp\/v2\/types\/post"}],"author":[{"embeddable":true,"href":"http:\/\/www.inacreditavel.pt\/index.php?rest_route=\/wp\/v2\/users\/1"}],"replies":[{"embeddable":true,"href":"http:\/\/www.inacreditavel.pt\/index.php?rest_route=%2Fwp%2Fv2%2Fcomments&post=24591"}],"version-history":[{"count":2,"href":"http:\/\/www.inacreditavel.pt\/index.php?rest_route=\/wp\/v2\/posts\/24591\/revisions"}],"predecessor-version":[{"id":24593,"href":"http:\/\/www.inacreditavel.pt\/index.php?rest_route=\/wp\/v2\/posts\/24591\/revisions\/24593"}],"wp:attachment":[{"href":"http:\/\/www.inacreditavel.pt\/index.php?rest_route=%2Fwp%2Fv2%2Fmedia&parent=24591"}],"wp:term":[{"taxonomy":"category","embeddable":true,"href":"http:\/\/www.inacreditavel.pt\/index.php?rest_route=%2Fwp%2Fv2%2Fcategories&post=24591"},{"taxonomy":"post_tag","embeddable":true,"href":"http:\/\/www.inacreditavel.pt\/index.php?rest_route=%2Fwp%2Fv2%2Ftags&post=24591"}],"curies":[{"name":"wp","href":"https:\/\/api.w.org\/{rel}","templated":true}]}}