{"id":24568,"date":"2020-04-03T08:13:28","date_gmt":"2020-04-03T08:13:28","guid":{"rendered":"http:\/\/www.inacreditavel.pt\/?p=24568"},"modified":"2020-04-03T08:14:54","modified_gmt":"2020-04-03T08:14:54","slug":"marcelo-alinha-se-com-o-pcp","status":"publish","type":"post","link":"http:\/\/www.inacreditavel.pt\/?p=24568","title":{"rendered":"Marcelo alinha-se com o PCP"},"content":{"rendered":"<blockquote><p><a href=\"http:\/\/www.inacreditavel.pt\/wp-content\/uploads\/sites\/17\/2020\/04\/molho-de-cravos.jpg\"><img loading=\"lazy\" decoding=\"async\" class=\"alignleft wp-image-24571 size-thumbnail\" src=\"http:\/\/www.inacreditavel.pt\/wp-content\/uploads\/sites\/17\/2020\/04\/molho-de-cravos-150x150.jpg\" alt=\"molho de cravos\" width=\"150\" height=\"150\" \/><\/a>\u201cs\u00f3 ganhamos Abril,<br \/>\nse n\u00e3o facilitarmos,<br \/>\nse n\u00e3o baixarmos a guarda\u201d<\/p><\/blockquote>\n<p>&#8211; \u00c1lvaro Cunhal, 1990<br \/>\n&#8211; Carlos Carvalhas, 2000<br \/>\n&#8211; Jer\u00f3nimo de Sousa, 2010<br \/>\n&#8211; Marcelo Rebelo de Sousa, 2020<\/p>\n<p>Este coronav\u00edrus em tudo mexe, tudo transforma:<br \/>\nele \u00e9 empedernidos liberais que correm a pedir interven\u00e7\u00f5es do Estado na economia, ele \u00e9 defensores da Sa\u00fade privada a clamarem por mais meios ao SNS, ele \u00e9 fundamentalistas religiosos a pedirem aos cientistas uma cura, ele \u00e9 desesperados anti-vacinas a exigerem-nas.<br \/>\nE, agora, \u00e9 o conservador Marcelo a juntar-se \u00e0 Esquerda!<\/p>\n<p>For\u00e7a, for\u00e7a, companheiro Marcelo, n\u00f3s seremos a muralha do castelo!<\/p>\n<p>Marcelo, amigo, o Povo est\u00e1 contigo!<\/p>\n","protected":false},"excerpt":{"rendered":"<p>\u201cs\u00f3 ganhamos Abril, se n\u00e3o facilitarmos, se n\u00e3o baixarmos a guarda\u201d &#8211; \u00c1lvaro Cunhal, 1990 &#8211; Carlos Carvalhas, 2000 &#8211; Jer\u00f3nimo de Sousa, 2010 &#8211; Marcelo Rebelo de Sousa, 2020 Este coronav\u00edrus em tudo mexe, tudo transforma: ele \u00e9 empedernidos liberais que correm a pedir interven\u00e7\u00f5es do Estado na economia, ele \u00e9 defensores da Sa\u00fade [&hellip;]<\/p>\n","protected":false},"author":21,"featured_media":0,"comment_status":"open","ping_status":"closed","sticky":false,"template":"","format":"standard","meta":{"footnotes":""},"categories":[1],"tags":[],"_links":{"self":[{"href":"http:\/\/www.inacreditavel.pt\/index.php?rest_route=\/wp\/v2\/posts\/24568"}],"collection":[{"href":"http:\/\/www.inacreditavel.pt\/index.php?rest_route=\/wp\/v2\/posts"}],"about":[{"href":"http:\/\/www.inacreditavel.pt\/index.php?rest_route=\/wp\/v2\/types\/post"}],"author":[{"embeddable":true,"href":"http:\/\/www.inacreditavel.pt\/index.php?rest_route=\/wp\/v2\/users\/21"}],"replies":[{"embeddable":true,"href":"http:\/\/www.inacreditavel.pt\/index.php?rest_route=%2Fwp%2Fv2%2Fcomments&post=24568"}],"version-history":[{"count":6,"href":"http:\/\/www.inacreditavel.pt\/index.php?rest_route=\/wp\/v2\/posts\/24568\/revisions"}],"predecessor-version":[{"id":24576,"href":"http:\/\/www.inacreditavel.pt\/index.php?rest_route=\/wp\/v2\/posts\/24568\/revisions\/24576"}],"wp:attachment":[{"href":"http:\/\/www.inacreditavel.pt\/index.php?rest_route=%2Fwp%2Fv2%2Fmedia&parent=24568"}],"wp:term":[{"taxonomy":"category","embeddable":true,"href":"http:\/\/www.inacreditavel.pt\/index.php?rest_route=%2Fwp%2Fv2%2Fcategories&post=24568"},{"taxonomy":"post_tag","embeddable":true,"href":"http:\/\/www.inacreditavel.pt\/index.php?rest_route=%2Fwp%2Fv2%2Ftags&post=24568"}],"curies":[{"name":"wp","href":"https:\/\/api.w.org\/{rel}","templated":true}]}}