{"id":24555,"date":"2019-11-23T19:34:05","date_gmt":"2019-11-23T19:34:05","guid":{"rendered":"http:\/\/www.inacreditavel.pt\/?p=24555"},"modified":"2019-11-23T19:34:27","modified_gmt":"2019-11-23T19:34:27","slug":"je-vous-salue-marie","status":"publish","type":"post","link":"http:\/\/www.inacreditavel.pt\/?p=24555","title":{"rendered":"Je vous salue Marie"},"content":{"rendered":"<p><a href=\"https:\/\/www.dn.pt\/pais\/bebe-abandonado-no-lixo-e-cidadao-cabo-verdiano-diz-embaixada-11544659.html\">Beb\u00e9 abandonado no lixo \u00e9 cidad\u00e3o cabo-verdiano, diz Embaixada<\/a><\/p>\n<blockquote><p>&#8220;O filho de um cabo-verdiano nascido no estrangeiro \u00e9 tamb\u00e9m cidad\u00e3o cabo-verdiano&#8221;, assevera a Embaixada de Cabo Verde, em resposta ao DN. E informa que av\u00f3 e tios t\u00eam &#8220;firme prop\u00f3sito de obter guarda do beb\u00e9&#8221;. (in DN)<\/p><\/blockquote>\n<p>O beb\u00e9 mais desejado do mundo.<\/p>\n<p>Fam\u00edlias v\u00e1rias quiseram acolh\u00ea-lo.<br \/>\nOfereci-me tamb\u00e9m, a Maria nem quer v\u00ea-lo.<br \/>\nAv\u00f3s, tios e Cabo Verde em peso,<br \/>\nReclamam, para si, o pequeno indefeso.<\/p>\n<p>Engravidada pelo Esp\u00edrito Santo<br \/>\nFoi tratada como lixo<br \/>\nPariu na rua como um bicho<br \/>\nLargou-o envolto num manto.<\/p>\n<p>Entre burros, vacas e monarcas de lata.<br \/>\nAtada \u00e0 pira, espera apenas pelo fogo que mata<\/p>\n<p>Je vous salue Marie<\/p>\n","protected":false},"excerpt":{"rendered":"<p>Beb\u00e9 abandonado no lixo \u00e9 cidad\u00e3o cabo-verdiano, diz Embaixada &#8220;O filho de um cabo-verdiano nascido no estrangeiro \u00e9 tamb\u00e9m cidad\u00e3o cabo-verdiano&#8221;, assevera a Embaixada de Cabo Verde, em resposta ao DN. E informa que av\u00f3 e tios t\u00eam &#8220;firme prop\u00f3sito de obter guarda do beb\u00e9&#8221;. (in DN) O beb\u00e9 mais desejado do mundo. Fam\u00edlias v\u00e1rias [&hellip;]<\/p>\n","protected":false},"author":1,"featured_media":0,"comment_status":"open","ping_status":"closed","sticky":false,"template":"","format":"standard","meta":{"footnotes":""},"categories":[1],"tags":[],"_links":{"self":[{"href":"http:\/\/www.inacreditavel.pt\/index.php?rest_route=\/wp\/v2\/posts\/24555"}],"collection":[{"href":"http:\/\/www.inacreditavel.pt\/index.php?rest_route=\/wp\/v2\/posts"}],"about":[{"href":"http:\/\/www.inacreditavel.pt\/index.php?rest_route=\/wp\/v2\/types\/post"}],"author":[{"embeddable":true,"href":"http:\/\/www.inacreditavel.pt\/index.php?rest_route=\/wp\/v2\/users\/1"}],"replies":[{"embeddable":true,"href":"http:\/\/www.inacreditavel.pt\/index.php?rest_route=%2Fwp%2Fv2%2Fcomments&post=24555"}],"version-history":[{"count":2,"href":"http:\/\/www.inacreditavel.pt\/index.php?rest_route=\/wp\/v2\/posts\/24555\/revisions"}],"predecessor-version":[{"id":24557,"href":"http:\/\/www.inacreditavel.pt\/index.php?rest_route=\/wp\/v2\/posts\/24555\/revisions\/24557"}],"wp:attachment":[{"href":"http:\/\/www.inacreditavel.pt\/index.php?rest_route=%2Fwp%2Fv2%2Fmedia&parent=24555"}],"wp:term":[{"taxonomy":"category","embeddable":true,"href":"http:\/\/www.inacreditavel.pt\/index.php?rest_route=%2Fwp%2Fv2%2Fcategories&post=24555"},{"taxonomy":"post_tag","embeddable":true,"href":"http:\/\/www.inacreditavel.pt\/index.php?rest_route=%2Fwp%2Fv2%2Ftags&post=24555"}],"curies":[{"name":"wp","href":"https:\/\/api.w.org\/{rel}","templated":true}]}}