{"id":24475,"date":"2019-09-09T17:56:32","date_gmt":"2019-09-09T17:56:32","guid":{"rendered":"http:\/\/www.inacreditavel.pt\/?p=24475"},"modified":"2019-09-09T17:58:14","modified_gmt":"2019-09-09T17:58:14","slug":"maturidade-democratica","status":"publish","type":"post","link":"http:\/\/www.inacreditavel.pt\/?p=24475","title":{"rendered":"Maturidade democr\u00e1tica"},"content":{"rendered":"<p><a href=\"https:\/\/rr.sapo.pt\/noticia\/36160\/jeronimo_ao_ataque_o_ps_so_nao_forma_governo_porque_nao_quer\">&#8220;O PS s\u00f3 n\u00e3o forma Governo porque n\u00e3o quer&#8221;<\/a> 06.10.2015<br \/>\n<a href=\"https:\/\/rr.sapo.pt\/2015\/10\/07\/politica\/antonio-costa-ps-e-pcp-podem-dar-expressao-a-pontos-de-convergencia\/noticia\/36279\/\">\u201cPS s\u00f3 n\u00e3o \u00e9 Governo se n\u00e3o quiser\u201d<\/a> 07.10.2015<\/p>\n<p>As frases de Jer\u00f3nimo de Sousa, dois e tr\u00eas dias depois das <a href=\"https:\/\/pt.wikipedia.org\/wiki\/Elei%C3%A7%C3%B5es_legislativas_portuguesas_de_2015\">elei\u00e7\u00f5es legislativas<\/a>, que travaram a demiss\u00e3o de Ant\u00f3nio Costa, revolucionaram as ideias no pa\u00eds e mudaram a pol\u00edtica da Europa. \u00c9 a isto que se chama uma revolu\u00e7\u00e3o.<\/p>\n<p>\u00c9 claro que uma franja minorit\u00e1ria de fachos ressabiados arrastou-se com azia durante quatro anos, mas o pa\u00eds cresceu na sua consci\u00eancia c\u00edvica e democr\u00e1tica.<\/p>\n<p>Vamos ver o que acontece nas elei\u00e7\u00f5es do pr\u00f3ximo m\u00eas.<\/p>\n","protected":false},"excerpt":{"rendered":"<p>&#8220;O PS s\u00f3 n\u00e3o forma Governo porque n\u00e3o quer&#8221; 06.10.2015 \u201cPS s\u00f3 n\u00e3o \u00e9 Governo se n\u00e3o quiser\u201d 07.10.2015 As frases de Jer\u00f3nimo de Sousa, dois e tr\u00eas dias depois das elei\u00e7\u00f5es legislativas, que travaram a demiss\u00e3o de Ant\u00f3nio Costa, revolucionaram as ideias no pa\u00eds e mudaram a pol\u00edtica da Europa. \u00c9 a isto que [&hellip;]<\/p>\n","protected":false},"author":1,"featured_media":0,"comment_status":"open","ping_status":"closed","sticky":false,"template":"","format":"standard","meta":{"footnotes":""},"categories":[1],"tags":[],"_links":{"self":[{"href":"http:\/\/www.inacreditavel.pt\/index.php?rest_route=\/wp\/v2\/posts\/24475"}],"collection":[{"href":"http:\/\/www.inacreditavel.pt\/index.php?rest_route=\/wp\/v2\/posts"}],"about":[{"href":"http:\/\/www.inacreditavel.pt\/index.php?rest_route=\/wp\/v2\/types\/post"}],"author":[{"embeddable":true,"href":"http:\/\/www.inacreditavel.pt\/index.php?rest_route=\/wp\/v2\/users\/1"}],"replies":[{"embeddable":true,"href":"http:\/\/www.inacreditavel.pt\/index.php?rest_route=%2Fwp%2Fv2%2Fcomments&post=24475"}],"version-history":[{"count":3,"href":"http:\/\/www.inacreditavel.pt\/index.php?rest_route=\/wp\/v2\/posts\/24475\/revisions"}],"predecessor-version":[{"id":24478,"href":"http:\/\/www.inacreditavel.pt\/index.php?rest_route=\/wp\/v2\/posts\/24475\/revisions\/24478"}],"wp:attachment":[{"href":"http:\/\/www.inacreditavel.pt\/index.php?rest_route=%2Fwp%2Fv2%2Fmedia&parent=24475"}],"wp:term":[{"taxonomy":"category","embeddable":true,"href":"http:\/\/www.inacreditavel.pt\/index.php?rest_route=%2Fwp%2Fv2%2Fcategories&post=24475"},{"taxonomy":"post_tag","embeddable":true,"href":"http:\/\/www.inacreditavel.pt\/index.php?rest_route=%2Fwp%2Fv2%2Ftags&post=24475"}],"curies":[{"name":"wp","href":"https:\/\/api.w.org\/{rel}","templated":true}]}}