{"id":24340,"date":"2019-08-20T10:06:36","date_gmt":"2019-08-20T10:06:36","guid":{"rendered":"http:\/\/www.inacreditavel.pt\/?p=24340"},"modified":"2019-08-20T10:06:36","modified_gmt":"2019-08-20T10:06:36","slug":"nutella-black-fridays-e-gasolina","status":"publish","type":"post","link":"http:\/\/www.inacreditavel.pt\/?p=24340","title":{"rendered":"Nutella, Black Fridays e gasolina"},"content":{"rendered":"<p>Agora, no rescaldo da greve dos camionistas, pode ser que o pessoal que apelidou o Costa de fasciz\u00f3ide, por causa dos extensos servi\u00e7os m\u00ednimos que decretou, pense um bocadinho. E aqui vai uma ajuda.<\/p>\n<p>Lembram-se do epis\u00f3dio da Nutella, no ano passado em Fran\u00e7a? Eis uma cita\u00e7\u00e3o do jornal Le Parisien: &#8220;As pessoas lutaram como animais. Algu\u00e9m estava a puxar o cabelo a uma mulher, outra tinha uma m\u00e3o com sangue. Foi horr\u00edvel&#8221;. [<a href=\"https:\/\/www.cmjornal.pt\/mundo\/detalhe\/nutella-a-140-euros-gera-caos-nos-supermercados\">1<\/a>]<\/p>\n<p>A Nutella n\u00e3o \u00e9 caso \u00fanico, ali\u00e1s, todos os anos h\u00e1 pancadaria nos saldos da Black Friday.<\/p>\n<p><iframe loading=\"lazy\" width=\"560\" height=\"315\" src=\"https:\/\/www.youtube.com\/embed\/-xL8rE9DT4g\" frameborder=\"0\" allow=\"accelerometer; autoplay; encrypted-media; gyroscope; picture-in-picture\" allowfullscreen><\/iframe><\/p>\n<p>Na crise de combust\u00edvel da semana passada, houve tamb\u00e9m tareia em dois postos de abastecimento. Um deles aconteceu em Almada e foi filmado. [<a href=\"https:\/\/sol.sapo.pt\/artigo\/667656\/video-mostra-troca-de-agressoes-em-fila-de-espera-para-abastecer-em-almada\">2<\/a>]<\/p>\n<p>Se o combust\u00edvel faltasse mesmo &#8211; se os servi\u00e7os m\u00ednimos fossem mesmo m\u00ednimos &#8211; e se os bens e servi\u00e7os come\u00e7assem a faltar, seria f\u00e1cil este tipo de desacatos generalizar-se e espalhar-se por todo o pa\u00eds.<\/p>\n","protected":false},"excerpt":{"rendered":"<p>Agora, no rescaldo da greve dos camionistas, pode ser que o pessoal que apelidou o Costa de fasciz\u00f3ide, por causa dos extensos servi\u00e7os m\u00ednimos que decretou, pense um bocadinho. E aqui vai uma ajuda. Lembram-se do epis\u00f3dio da Nutella, no ano passado em Fran\u00e7a? Eis uma cita\u00e7\u00e3o do jornal Le Parisien: &#8220;As pessoas lutaram como [&hellip;]<\/p>\n","protected":false},"author":1,"featured_media":0,"comment_status":"open","ping_status":"closed","sticky":false,"template":"","format":"standard","meta":{"footnotes":""},"categories":[1],"tags":[],"_links":{"self":[{"href":"http:\/\/www.inacreditavel.pt\/index.php?rest_route=\/wp\/v2\/posts\/24340"}],"collection":[{"href":"http:\/\/www.inacreditavel.pt\/index.php?rest_route=\/wp\/v2\/posts"}],"about":[{"href":"http:\/\/www.inacreditavel.pt\/index.php?rest_route=\/wp\/v2\/types\/post"}],"author":[{"embeddable":true,"href":"http:\/\/www.inacreditavel.pt\/index.php?rest_route=\/wp\/v2\/users\/1"}],"replies":[{"embeddable":true,"href":"http:\/\/www.inacreditavel.pt\/index.php?rest_route=%2Fwp%2Fv2%2Fcomments&post=24340"}],"version-history":[{"count":1,"href":"http:\/\/www.inacreditavel.pt\/index.php?rest_route=\/wp\/v2\/posts\/24340\/revisions"}],"predecessor-version":[{"id":24341,"href":"http:\/\/www.inacreditavel.pt\/index.php?rest_route=\/wp\/v2\/posts\/24340\/revisions\/24341"}],"wp:attachment":[{"href":"http:\/\/www.inacreditavel.pt\/index.php?rest_route=%2Fwp%2Fv2%2Fmedia&parent=24340"}],"wp:term":[{"taxonomy":"category","embeddable":true,"href":"http:\/\/www.inacreditavel.pt\/index.php?rest_route=%2Fwp%2Fv2%2Fcategories&post=24340"},{"taxonomy":"post_tag","embeddable":true,"href":"http:\/\/www.inacreditavel.pt\/index.php?rest_route=%2Fwp%2Fv2%2Ftags&post=24340"}],"curies":[{"name":"wp","href":"https:\/\/api.w.org\/{rel}","templated":true}]}}