{"id":24306,"date":"2019-08-15T15:38:11","date_gmt":"2019-08-15T15:38:11","guid":{"rendered":"http:\/\/www.inacreditavel.pt\/?p=24306"},"modified":"2019-08-15T15:41:19","modified_gmt":"2019-08-15T15:41:19","slug":"motoristas-e-motoristas","status":"publish","type":"post","link":"http:\/\/www.inacreditavel.pt\/?p=24306","title":{"rendered":"Motoristas e motoristas"},"content":{"rendered":"<p>O meu vizinho \u00e9 motorista de pesados da GNR. <\/p>\n<p>\u00c9 desde sempre, e assumidamente, um opositor radical do Ant\u00f3nio Costa: chama-lhe todos aqueles nomes feios conhecidos, que lhe foram afixados por uma trupe de fachos ressabiados, que n\u00e3o t\u00eam esp\u00edrito democr\u00e1tico, nem percebem como funciona uma democracia parlamentar. Felizmente s\u00e3o uma minoria, caso contr\u00e1rio j\u00e1 n\u00e3o t\u00ednhamos democracia parlamentar.<\/p>\n<p>Voltando ao meu vizinho camionista. Todas as semanas faz um ou dois servi\u00e7os de 24 horas, muitas vezes, sem dormir. \u00c9 normal na GNR.<br \/>\nFoi ele que transportou o cami\u00e3o cisterna para abastecer as for\u00e7as de seguran\u00e7a, em F\u00e1tima, aquando da visita do Papa, em 2017. E esteve 3 dias a dormir no ch\u00e3o de um barrac\u00e3o, nos arredores de F\u00e1tima.<\/p>\n<p>Desde que come\u00e7ou a greve dos camionistas, ainda n\u00e3o foi chamado para transportar cami\u00f5es cisterna. A GNR tem muitos camionistas com experi\u00eancia de trabalho nessa \u00e1rea. Curioso, h\u00e3? Depois de todas as not\u00edcias de desinforma\u00e7\u00e3o que nos t\u00eam chegado pela TV&#8230;<\/p>\n<p>Fui, h\u00e1 pouco, falar com ele, que como eu disse acima, detesta esta nossa solu\u00e7\u00e3o governativa, e tudo o que seja \u00e0 esquerda do MIRN, para perceber a sensibilidade dele sobre a greve.<br \/>\nEst\u00e1 contra a greve, obviamente. Os camionistas ganham o dobro do que ele ganha. Trabalham o mesmo. Ali\u00e1s, acha uma hipocrisia eles s\u00f3 quererem trabalhar 8 horas, quando normalmente trabalham 16.<br \/>\nEst\u00e1 orgulhoso que a GNR esteja a aguentar o pa\u00eds a funcionar.<br \/>\n&#8220;Felizmente temos a Guarda&#8221;, rematou ele no fim.<\/p>\n","protected":false},"excerpt":{"rendered":"<p>O meu vizinho \u00e9 motorista de pesados da GNR. \u00c9 desde sempre, e assumidamente, um opositor radical do Ant\u00f3nio Costa: chama-lhe todos aqueles nomes feios conhecidos, que lhe foram afixados por uma trupe de fachos ressabiados, que n\u00e3o t\u00eam esp\u00edrito democr\u00e1tico, nem percebem como funciona uma democracia parlamentar. Felizmente s\u00e3o uma minoria, caso contr\u00e1rio j\u00e1 [&hellip;]<\/p>\n","protected":false},"author":1,"featured_media":0,"comment_status":"open","ping_status":"closed","sticky":false,"template":"","format":"standard","meta":{"footnotes":""},"categories":[1],"tags":[],"_links":{"self":[{"href":"http:\/\/www.inacreditavel.pt\/index.php?rest_route=\/wp\/v2\/posts\/24306"}],"collection":[{"href":"http:\/\/www.inacreditavel.pt\/index.php?rest_route=\/wp\/v2\/posts"}],"about":[{"href":"http:\/\/www.inacreditavel.pt\/index.php?rest_route=\/wp\/v2\/types\/post"}],"author":[{"embeddable":true,"href":"http:\/\/www.inacreditavel.pt\/index.php?rest_route=\/wp\/v2\/users\/1"}],"replies":[{"embeddable":true,"href":"http:\/\/www.inacreditavel.pt\/index.php?rest_route=%2Fwp%2Fv2%2Fcomments&post=24306"}],"version-history":[{"count":2,"href":"http:\/\/www.inacreditavel.pt\/index.php?rest_route=\/wp\/v2\/posts\/24306\/revisions"}],"predecessor-version":[{"id":24308,"href":"http:\/\/www.inacreditavel.pt\/index.php?rest_route=\/wp\/v2\/posts\/24306\/revisions\/24308"}],"wp:attachment":[{"href":"http:\/\/www.inacreditavel.pt\/index.php?rest_route=%2Fwp%2Fv2%2Fmedia&parent=24306"}],"wp:term":[{"taxonomy":"category","embeddable":true,"href":"http:\/\/www.inacreditavel.pt\/index.php?rest_route=%2Fwp%2Fv2%2Fcategories&post=24306"},{"taxonomy":"post_tag","embeddable":true,"href":"http:\/\/www.inacreditavel.pt\/index.php?rest_route=%2Fwp%2Fv2%2Ftags&post=24306"}],"curies":[{"name":"wp","href":"https:\/\/api.w.org\/{rel}","templated":true}]}}