{"id":24288,"date":"2019-08-14T22:57:02","date_gmt":"2019-08-14T22:57:02","guid":{"rendered":"http:\/\/www.inacreditavel.pt\/?p=24288"},"modified":"2019-08-14T23:30:02","modified_gmt":"2019-08-14T23:30:02","slug":"como-se-perde-uma-guerra","status":"publish","type":"post","link":"http:\/\/www.inacreditavel.pt\/?p=24288","title":{"rendered":"Como se perde uma guerra?"},"content":{"rendered":"<p>O Pardal j\u00e1 perdeu. Amanh\u00e3 ou depois isto termina. J\u00e1 se veem sinais.<br \/>\nHoje j\u00e1 apelou \u00e0 reconcilia\u00e7\u00e3o entre as partes.<br \/>\nEle pediu. S\u00f3 \u00e9 preciso, agora, que algu\u00e9m com discernimento, consiga lev\u00e1-lo \u00e0 mesa das negocia\u00e7\u00f5es, sem perder a face. E, provavelmente, o porta-voz da Antram n\u00e3o \u00e9 a pessoa mais indicada para isso.<\/p>\n<p>O Pardal passou o dia a dizer disparates: incitar os motoristas \u00e0 desobedi\u00eancia, que n\u00e3o iriam cumprir os servi\u00e7os m\u00ednimos, que n\u00e3o iriam acatar a requisi\u00e7\u00e3o civil, dizer \u00e0 comunica\u00e7\u00e3o social que a GNR tinha prendido motoristas em casa&#8230;<br \/>\nEstaria a tentar for\u00e7ar o Governo a estender a requisi\u00e7\u00e3o civil ao pa\u00eds todo? N\u00e3o conseguiu. Felizmente o Governo \u00e9 sereno.<br \/>\nO pa\u00eds parece estar a aguentar-se &#8211; apesar de haver empresas que j\u00e1 tiveram que mandar os trabalhadores todos para f\u00e9rias, por falta de combust\u00edvel &#8211; e, ao mesmo tempo, o sal\u00e1rio dos motoristas em greve est\u00e1 a decrescer: muitas perdas por nada.<br \/>\nPortanto, agora, ao fim do dia, j\u00e1 sem trunfos na m\u00e3o, o Pardal quer voltar \u00e0 gaiola, ou melhor \u00e0 mesa das negocia\u00e7\u00f5es.<br \/>\nN\u00e3o o deixem perder a face, para ver se isto vai a bom porto, embora me apetecesse partir-lhe o focinho.<\/p>\n<div style=\"background-color:#CCCCCC;padding:5px;\">\nAlgumas not\u00edcias recentes:<br \/>\n<a style=\"color:black;\" href=\"https:\/\/www.publico.pt\/2019\/08\/14\/economia\/noticia\/motoristas-espera-requisicao-civil-apos-atrasos-tres-horas-matosinhos-1883373\">Motoristas \u00e0 espera da requisi\u00e7\u00e3o civil ap\u00f3s atrasos de tr\u00eas horas em Matosinhos<\/a><br \/>\n<a style=\"color:black;\" href=\"https:\/\/www.publico.pt\/2019\/08\/12\/economia\/noticia\/greve-motoristas-materias-perigosas-combustiveis-1883111\">Governo afasta alargamento da requisi\u00e7\u00e3o civil. Sindicato desafia Antram para negocia\u00e7\u00e3o. GNR desmente deten\u00e7\u00f5es<\/a><br \/>\n<a style=\"color:black;\" href=\"https:\/\/www.publico.pt\/2019\/08\/14\/sociedade\/noticia\/pardal-henriques-investigado-burla-confirma-pgr-1883457\">Pardal Henriques est\u00e1 mesmo a ser investigado por burla, confirma PGR<\/a><br \/>\n<a style=\"color:black;\" href=\"https:\/\/sicnoticias.pt\/especiais\/crise-energetica\/2019-08-14-Sindicato-desafia-Antram-para-nova-ronda-negocial?fbclid=IwAR13XT4THdJSoZB9XvbHKkWqDMyxZ2Jh1GeV7I5bJ5BtF8_EAzNnND1meFI\">Camionista detido por desobedi\u00eancia am Aveiras<\/a>\n<\/div>\n<p><\/p>\n<p>H\u00e1 pouco, ap\u00f3s o <a href=\"https:\/\/www.publico.pt\/2019\/08\/12\/economia\/noticia\/greve-motoristas-materias-perigosas-combustiveis-1883111\">acordo conseguido entre a ANTRAM e a FECTRANS<\/a>, o Pardal deu mais uma confer\u00eancia a partir de Aveiras de Cima, e, em metade do discurso, acusou o Governo de corrup\u00e7\u00e3o, interfer\u00eancia, conluio, etc. Aparentemente, o Pardal tem uma agenda muito bem definida. Est\u00e1 a usar os camionistas para conseguir ser eleito pelo partido do Marinho Pinto em outubro. \u00c9 um criminoso. N\u00e3o olha a meios: alguns motoristas v\u00e3o ser presos, e o custo para o pa\u00eds \u00e9 enorme.<br \/>\nDepois das elei\u00e7\u00f5es, nunca mais se ouvir\u00e1 falar em greve.<\/p>\n","protected":false},"excerpt":{"rendered":"<p>O Pardal j\u00e1 perdeu. Amanh\u00e3 ou depois isto termina. J\u00e1 se veem sinais. Hoje j\u00e1 apelou \u00e0 reconcilia\u00e7\u00e3o entre as partes. Ele pediu. S\u00f3 \u00e9 preciso, agora, que algu\u00e9m com discernimento, consiga lev\u00e1-lo \u00e0 mesa das negocia\u00e7\u00f5es, sem perder a face. E, provavelmente, o porta-voz da Antram n\u00e3o \u00e9 a pessoa mais indicada para isso. [&hellip;]<\/p>\n","protected":false},"author":1,"featured_media":0,"comment_status":"open","ping_status":"closed","sticky":false,"template":"","format":"standard","meta":{"footnotes":""},"categories":[1],"tags":[],"_links":{"self":[{"href":"http:\/\/www.inacreditavel.pt\/index.php?rest_route=\/wp\/v2\/posts\/24288"}],"collection":[{"href":"http:\/\/www.inacreditavel.pt\/index.php?rest_route=\/wp\/v2\/posts"}],"about":[{"href":"http:\/\/www.inacreditavel.pt\/index.php?rest_route=\/wp\/v2\/types\/post"}],"author":[{"embeddable":true,"href":"http:\/\/www.inacreditavel.pt\/index.php?rest_route=\/wp\/v2\/users\/1"}],"replies":[{"embeddable":true,"href":"http:\/\/www.inacreditavel.pt\/index.php?rest_route=%2Fwp%2Fv2%2Fcomments&post=24288"}],"version-history":[{"count":14,"href":"http:\/\/www.inacreditavel.pt\/index.php?rest_route=\/wp\/v2\/posts\/24288\/revisions"}],"predecessor-version":[{"id":24302,"href":"http:\/\/www.inacreditavel.pt\/index.php?rest_route=\/wp\/v2\/posts\/24288\/revisions\/24302"}],"wp:attachment":[{"href":"http:\/\/www.inacreditavel.pt\/index.php?rest_route=%2Fwp%2Fv2%2Fmedia&parent=24288"}],"wp:term":[{"taxonomy":"category","embeddable":true,"href":"http:\/\/www.inacreditavel.pt\/index.php?rest_route=%2Fwp%2Fv2%2Fcategories&post=24288"},{"taxonomy":"post_tag","embeddable":true,"href":"http:\/\/www.inacreditavel.pt\/index.php?rest_route=%2Fwp%2Fv2%2Ftags&post=24288"}],"curies":[{"name":"wp","href":"https:\/\/api.w.org\/{rel}","templated":true}]}}