{"id":24282,"date":"2019-08-13T23:21:16","date_gmt":"2019-08-13T23:21:16","guid":{"rendered":"http:\/\/www.inacreditavel.pt\/?p=24282"},"modified":"2019-08-13T23:21:16","modified_gmt":"2019-08-13T23:21:16","slug":"camionismo-ou-comunismo","status":"publish","type":"post","link":"http:\/\/www.inacreditavel.pt\/?p=24282","title":{"rendered":"Camionismo ou comunismo?"},"content":{"rendered":"<p>O que \u00e9 que est\u00e1 por detr\u00e1s desta greve dos encaminhadores de combust\u00edvel?<br \/>\nPenso que todos j\u00e1 perceberam que esta greve pode destruir a economia do pa\u00eds. Nem \u00e9 tanto o Governo que \u00e9 afetado, como muitos fachos e bloquistas ressabiados, que se juntaram comodamente sentados no seu sof\u00e1, at\u00e9 lhes faltar o alimento no frigor\u00edfico, imaginam com o seu discernimento diminuto. \u00c9 mesmo o pa\u00eds, muitas pequenas empresas que precisam que a distribui\u00e7\u00e3o dos seus produtos seja feita a horas e com a regularidade necess\u00e1ria.<br \/>\nE, depois disso, a popula\u00e7\u00e3o em geral. Se os produtos n\u00e3o chegam \u00e0s mercearias e supermercados, a fome come\u00e7a a fazer-se sentir, e a ordem p\u00fablica entra em colapso. Lembrem-se, por exemplo, dos 1\u00ba de maio nas lojas do Pingo Doce.<br \/>\nEste tipo de greves tem acontecido com maior frequ\u00eancia, ultimamente, em v\u00e1rios pa\u00edses da Europa. E, nalguns casos, tem at\u00e9 resultado no crescimento das for\u00e7as pol\u00edticas de direita nos diversos parlamentos.<br \/>\nE a quem \u00e9 que interessa este estado de coisas? Aos EUA, claro, que n\u00e3o querem ter uma Europa forte a competir com eles no mercado mundial. E \u00e0 China, tamb\u00e9m. Mas acredito mais na interven\u00e7\u00e3o direta do Steve Bannon nas \u00faltimas greves disruptivas em Portugal.<br \/>\nNotem que, no caso dos motoristas, os sindicatos em greve s\u00e3o novos e com \u00f3rg\u00e3os sociais eleitos h\u00e1 menos de um ano.<\/p>\n","protected":false},"excerpt":{"rendered":"<p>O que \u00e9 que est\u00e1 por detr\u00e1s desta greve dos encaminhadores de combust\u00edvel? Penso que todos j\u00e1 perceberam que esta greve pode destruir a economia do pa\u00eds. Nem \u00e9 tanto o Governo que \u00e9 afetado, como muitos fachos e bloquistas ressabiados, que se juntaram comodamente sentados no seu sof\u00e1, at\u00e9 lhes faltar o alimento no [&hellip;]<\/p>\n","protected":false},"author":1,"featured_media":0,"comment_status":"open","ping_status":"closed","sticky":false,"template":"","format":"standard","meta":{"footnotes":""},"categories":[1],"tags":[],"_links":{"self":[{"href":"http:\/\/www.inacreditavel.pt\/index.php?rest_route=\/wp\/v2\/posts\/24282"}],"collection":[{"href":"http:\/\/www.inacreditavel.pt\/index.php?rest_route=\/wp\/v2\/posts"}],"about":[{"href":"http:\/\/www.inacreditavel.pt\/index.php?rest_route=\/wp\/v2\/types\/post"}],"author":[{"embeddable":true,"href":"http:\/\/www.inacreditavel.pt\/index.php?rest_route=\/wp\/v2\/users\/1"}],"replies":[{"embeddable":true,"href":"http:\/\/www.inacreditavel.pt\/index.php?rest_route=%2Fwp%2Fv2%2Fcomments&post=24282"}],"version-history":[{"count":1,"href":"http:\/\/www.inacreditavel.pt\/index.php?rest_route=\/wp\/v2\/posts\/24282\/revisions"}],"predecessor-version":[{"id":24283,"href":"http:\/\/www.inacreditavel.pt\/index.php?rest_route=\/wp\/v2\/posts\/24282\/revisions\/24283"}],"wp:attachment":[{"href":"http:\/\/www.inacreditavel.pt\/index.php?rest_route=%2Fwp%2Fv2%2Fmedia&parent=24282"}],"wp:term":[{"taxonomy":"category","embeddable":true,"href":"http:\/\/www.inacreditavel.pt\/index.php?rest_route=%2Fwp%2Fv2%2Fcategories&post=24282"},{"taxonomy":"post_tag","embeddable":true,"href":"http:\/\/www.inacreditavel.pt\/index.php?rest_route=%2Fwp%2Fv2%2Ftags&post=24282"}],"curies":[{"name":"wp","href":"https:\/\/api.w.org\/{rel}","templated":true}]}}