{"id":2287,"date":"2008-07-13T02:27:18","date_gmt":"2008-07-13T02:27:18","guid":{"rendered":"http:\/\/inacreditavel.ioio.info\/?p=2287"},"modified":"2008-07-13T02:31:09","modified_gmt":"2008-07-13T02:31:09","slug":"moqtada-al-sadr","status":"publish","type":"post","link":"http:\/\/www.inacreditavel.pt\/?p=2287","title":{"rendered":"Moqtada Al-Sadr"},"content":{"rendered":"<p>Um dos fen\u00f3menos m\u00e1gicos do pluralismo informativo que nos governa \u00e9 o \u201ccl\u00e9rigo xiita radical Moqtada Al-Sadr\u201d. O fen\u00f3meno n\u00e3o \u00e9 o homem mas a maneira como \u00e9 tratado. \u00c9 tratado sempre com o prefixo. Como se o prefixo fosse obrigat\u00f3rio.<\/p>\n<p>Por exemplo, quando se referem a mim as pessoas oscilam entre dizer aquele gajo bu\u00e9 inteligente, aquele gajo bu\u00e9 simp\u00e1tico, aquele gajo bu\u00e9 sexy, ou outra coisa qualquer parecida. J\u00e1 o Mokata n\u00e3o. O Mokata consegue aquela espantosa unanimidade que \u00e9 a de ser designado com o mesmo \u201cprefixo\u201d sempre que o seu nome \u00e9 invocado.<\/p>\n<p>N\u00e3o se pense que isso \u00e9 f\u00e1cil. Por uma quest\u00e3o de liberdade jornal\u00edstica, de liberdade de redac\u00e7\u00e3o, seria de esperar que nem sempre se referissem a ele da mesma maneira. At\u00e9 pela intelectualite habitual de quem escreve seria de esperar que procurassem variar o vocabul\u00e1rio, a forma de se exprimir. Mas quanto ao Mokata, n\u00e3o.<\/p>\n<p>Um indiv\u00edduo qualquer, de bom ou mau car\u00e1cter, qualquer que ele seja, \u00e9 tratado nos media com uma grande diversidade de adjectivos. Uma enorme diversidade de adjectivos. O Mokata \u00e9 o \u00fanico a conseguir ser tratado sempre da mesma forma. Se calhar paga para isso. Ou, pelo menos, algu\u00e9m deve pagar. \u00c9 o pluralismo informativo que temos.<\/p>\n<p>ver:<br \/>\n<a href=\"http:\/\/dn.sapo.pt\/2006\/02\/27\/internacional\/sadr_apela_a_uniao_contra_eua.html\">dn<\/a><br \/>\n<a href=\"http:\/\/ultimahora.publico.clix.pt\/noticia.aspx?id=1323613\">publico<\/a><br \/>\n<a href=\"http:\/\/clix.expresso.pt\/gen.pl?p=stories&amp;op=view&amp;fokey=ex.stories\/288703\">expresso<\/a><br \/>\n<a href=\"http:\/\/www.correiomanha.pt\/noticia.aspx?contentid=BB186B55-AFD5-446F-A4C3-62C68877AEEE&amp;channelid=00000091-0000-0000-0000-000000000091\">correiodamanha<\/a><br \/>\n<a href=\"http:\/\/ww1.rtp.pt\/noticias\/index.php?article=335639&amp;visual=26&amp;rss=0\">rtp<\/a><br \/>\n<a href=\"http:\/\/edition.cnn.com\/2007\/WORLD\/meast\/02\/13\/iraq.main\/index.html\">cnn<\/a><br \/>\n<a href=\"http:\/\/news.bbc.co.uk\/2\/hi\/middle_east\/3599771.stm\">bbc<\/a><br \/>\n<a href=\"http:\/\/mondediplo.com\/2004\/05\/03iraqinationalism\">mondediplo<\/a><\/p>\n","protected":false},"excerpt":{"rendered":"<p>Um dos fen\u00f3menos m\u00e1gicos do pluralismo informativo que nos governa \u00e9 o \u201ccl\u00e9rigo xiita radical Moqtada Al-Sadr\u201d. O fen\u00f3meno n\u00e3o \u00e9 o homem mas a maneira como \u00e9 tratado. \u00c9 tratado sempre com o prefixo. Como se o prefixo fosse obrigat\u00f3rio. Por exemplo, quando se referem a mim as pessoas oscilam entre dizer aquele gajo [&hellip;]<\/p>\n","protected":false},"author":9,"featured_media":0,"comment_status":"open","ping_status":"closed","sticky":false,"template":"","format":"standard","meta":{"footnotes":""},"categories":[1,14,19,206],"tags":[],"_links":{"self":[{"href":"http:\/\/www.inacreditavel.pt\/index.php?rest_route=\/wp\/v2\/posts\/2287"}],"collection":[{"href":"http:\/\/www.inacreditavel.pt\/index.php?rest_route=\/wp\/v2\/posts"}],"about":[{"href":"http:\/\/www.inacreditavel.pt\/index.php?rest_route=\/wp\/v2\/types\/post"}],"author":[{"embeddable":true,"href":"http:\/\/www.inacreditavel.pt\/index.php?rest_route=\/wp\/v2\/users\/9"}],"replies":[{"embeddable":true,"href":"http:\/\/www.inacreditavel.pt\/index.php?rest_route=%2Fwp%2Fv2%2Fcomments&post=2287"}],"version-history":[{"count":0,"href":"http:\/\/www.inacreditavel.pt\/index.php?rest_route=\/wp\/v2\/posts\/2287\/revisions"}],"wp:attachment":[{"href":"http:\/\/www.inacreditavel.pt\/index.php?rest_route=%2Fwp%2Fv2%2Fmedia&parent=2287"}],"wp:term":[{"taxonomy":"category","embeddable":true,"href":"http:\/\/www.inacreditavel.pt\/index.php?rest_route=%2Fwp%2Fv2%2Fcategories&post=2287"},{"taxonomy":"post_tag","embeddable":true,"href":"http:\/\/www.inacreditavel.pt\/index.php?rest_route=%2Fwp%2Fv2%2Ftags&post=2287"}],"curies":[{"name":"wp","href":"https:\/\/api.w.org\/{rel}","templated":true}]}}