{"id":22797,"date":"2016-01-25T02:04:10","date_gmt":"2016-01-25T02:04:10","guid":{"rendered":"http:\/\/www.inacreditavel.pt\/?p=22797"},"modified":"2016-01-25T02:04:10","modified_gmt":"2016-01-25T02:04:10","slug":"o-povo-e-quem-mais-ordena","status":"publish","type":"post","link":"http:\/\/www.inacreditavel.pt\/?p=22797","title":{"rendered":"O povo \u00e9 quem mais ordena"},"content":{"rendered":"<p>Quando o Marcelo disse &#8220;o povo \u00e9 quem mais ordena&#8221;, fez-se um sil\u00eancio de <strong>morte<\/strong> entre a plateia de fascistas que o ouvia&#8230;<\/p>\n<p><a href=\"http:\/\/www.dn.pt\/portugal\/interior\/o-povo-e-quem-mais-ordena-e-foi-o-povo-que-me-quis-4997428.html\">&#8220;O povo \u00e9 quem mais ordena e foi o povo que me quis&#8221;<\/a><\/p>\n<p><img decoding=\"async\" src=\"http:\/\/static.globalnoticias.pt\/storage\/DN\/2016\/dn2015_detalhe_topo\/ng5751506.JPG\" alt=\"\" \/><\/p>\n","protected":false},"excerpt":{"rendered":"<p>Quando o Marcelo disse &#8220;o povo \u00e9 quem mais ordena&#8221;, fez-se um sil\u00eancio de morte entre a plateia de fascistas que o ouvia&#8230; &#8220;O povo \u00e9 quem mais ordena e foi o povo que me quis&#8221;<\/p>\n","protected":false},"author":1,"featured_media":0,"comment_status":"open","ping_status":"closed","sticky":false,"template":"","format":"standard","meta":{"footnotes":""},"categories":[1],"tags":[],"_links":{"self":[{"href":"http:\/\/www.inacreditavel.pt\/index.php?rest_route=\/wp\/v2\/posts\/22797"}],"collection":[{"href":"http:\/\/www.inacreditavel.pt\/index.php?rest_route=\/wp\/v2\/posts"}],"about":[{"href":"http:\/\/www.inacreditavel.pt\/index.php?rest_route=\/wp\/v2\/types\/post"}],"author":[{"embeddable":true,"href":"http:\/\/www.inacreditavel.pt\/index.php?rest_route=\/wp\/v2\/users\/1"}],"replies":[{"embeddable":true,"href":"http:\/\/www.inacreditavel.pt\/index.php?rest_route=%2Fwp%2Fv2%2Fcomments&post=22797"}],"version-history":[{"count":1,"href":"http:\/\/www.inacreditavel.pt\/index.php?rest_route=\/wp\/v2\/posts\/22797\/revisions"}],"predecessor-version":[{"id":22798,"href":"http:\/\/www.inacreditavel.pt\/index.php?rest_route=\/wp\/v2\/posts\/22797\/revisions\/22798"}],"wp:attachment":[{"href":"http:\/\/www.inacreditavel.pt\/index.php?rest_route=%2Fwp%2Fv2%2Fmedia&parent=22797"}],"wp:term":[{"taxonomy":"category","embeddable":true,"href":"http:\/\/www.inacreditavel.pt\/index.php?rest_route=%2Fwp%2Fv2%2Fcategories&post=22797"},{"taxonomy":"post_tag","embeddable":true,"href":"http:\/\/www.inacreditavel.pt\/index.php?rest_route=%2Fwp%2Fv2%2Ftags&post=22797"}],"curies":[{"name":"wp","href":"https:\/\/api.w.org\/{rel}","templated":true}]}}