{"id":22646,"date":"2015-12-13T11:19:42","date_gmt":"2015-12-13T11:19:42","guid":{"rendered":"http:\/\/www.inacreditavel.pt\/?p=22646"},"modified":"2015-12-13T11:19:42","modified_gmt":"2015-12-13T11:19:42","slug":"acordo-historico-sobre-o-clima-sera","status":"publish","type":"post","link":"http:\/\/www.inacreditavel.pt\/?p=22646","title":{"rendered":"Acordo hist\u00f3rico sobre o clima&#8230; Ser\u00e1?"},"content":{"rendered":"<p><a href=\"http:\/\/www.dn.pt\/sociedade\/interior\/historico-195-paises-prometem-travar-o-aquecimento-global-4927394.html\">Hist\u00f3rico. 195 pa\u00edses prometem travar o aquecimento global<\/a><\/p>\n<p><img decoding=\"async\" src=\"http:\/\/static.globalnoticias.pt\/storage\/DN\/2015\/dn2015_detalhe_topo\/ng5401325.JPG\" alt=\"\" \/><\/p>\n<blockquote><p>Foi um momento hist\u00f3rico. Ontem, \u00e0s 19.27 em Paris (18.27 em Lisboa), os respons\u00e1veis dos 195 pa\u00edses reunidos na cimeira do clima concordaram reduzir as emiss\u00f5es de gases com efeitos estufa. Ap\u00f3s duas semanas de negocia\u00e7\u00f5es e do adiamento do encerramento, marcado para sexta-feira, os pol\u00edticos chegaram a consenso, assumindo um compromisso ambicioso: limitar a subida da temperatura a 1,5 graus, em rela\u00e7\u00e3o \u00e0 era pr\u00e9-industrial.<\/p><\/blockquote>\n<p>in <a href=\"http:\/\/www.dn.pt\/sociedade\/interior\/historico-195-paises-prometem-travar-o-aquecimento-global-4927394.html\">DN<\/a><\/p>\n<p>O acordo \u00e9 para come\u00e7ar a ser levado em conta, pelos pa\u00edses signat\u00e1rios, a partir de 2020 apenas&#8230;<\/p>\n<p>Para daqui a 5 anos? Ent\u00e3o n\u00e3o h\u00e1 acordo nenhum.<br \/>\nH\u00e1 \u00e9 um prazo de 1825 dias para voltar a dizer n\u00e3o.<\/p>\n","protected":false},"excerpt":{"rendered":"<p>Hist\u00f3rico. 195 pa\u00edses prometem travar o aquecimento global Foi um momento hist\u00f3rico. Ontem, \u00e0s 19.27 em Paris (18.27 em Lisboa), os respons\u00e1veis dos 195 pa\u00edses reunidos na cimeira do clima concordaram reduzir as emiss\u00f5es de gases com efeitos estufa. Ap\u00f3s duas semanas de negocia\u00e7\u00f5es e do adiamento do encerramento, marcado para sexta-feira, os pol\u00edticos chegaram [&hellip;]<\/p>\n","protected":false},"author":1,"featured_media":0,"comment_status":"open","ping_status":"closed","sticky":false,"template":"","format":"standard","meta":{"footnotes":""},"categories":[232],"tags":[],"_links":{"self":[{"href":"http:\/\/www.inacreditavel.pt\/index.php?rest_route=\/wp\/v2\/posts\/22646"}],"collection":[{"href":"http:\/\/www.inacreditavel.pt\/index.php?rest_route=\/wp\/v2\/posts"}],"about":[{"href":"http:\/\/www.inacreditavel.pt\/index.php?rest_route=\/wp\/v2\/types\/post"}],"author":[{"embeddable":true,"href":"http:\/\/www.inacreditavel.pt\/index.php?rest_route=\/wp\/v2\/users\/1"}],"replies":[{"embeddable":true,"href":"http:\/\/www.inacreditavel.pt\/index.php?rest_route=%2Fwp%2Fv2%2Fcomments&post=22646"}],"version-history":[{"count":1,"href":"http:\/\/www.inacreditavel.pt\/index.php?rest_route=\/wp\/v2\/posts\/22646\/revisions"}],"predecessor-version":[{"id":22647,"href":"http:\/\/www.inacreditavel.pt\/index.php?rest_route=\/wp\/v2\/posts\/22646\/revisions\/22647"}],"wp:attachment":[{"href":"http:\/\/www.inacreditavel.pt\/index.php?rest_route=%2Fwp%2Fv2%2Fmedia&parent=22646"}],"wp:term":[{"taxonomy":"category","embeddable":true,"href":"http:\/\/www.inacreditavel.pt\/index.php?rest_route=%2Fwp%2Fv2%2Fcategories&post=22646"},{"taxonomy":"post_tag","embeddable":true,"href":"http:\/\/www.inacreditavel.pt\/index.php?rest_route=%2Fwp%2Fv2%2Ftags&post=22646"}],"curies":[{"name":"wp","href":"https:\/\/api.w.org\/{rel}","templated":true}]}}