{"id":22433,"date":"2015-08-31T08:45:31","date_gmt":"2015-08-31T08:45:31","guid":{"rendered":"http:\/\/www.inacreditavel.pt\/?p=22433"},"modified":"2015-08-31T08:46:31","modified_gmt":"2015-08-31T08:46:31","slug":"imi-mais-baixo-para-alguns","status":"publish","type":"post","link":"http:\/\/www.inacreditavel.pt\/?p=22433","title":{"rendered":"IMI mais baixo para alguns"},"content":{"rendered":"<p><a href=\"http:\/\/sicnoticias.sapo.pt\/economia\/2015-08-30-IMI-mais-barato-para-familias-com-filhos-se-autarquias-quiserem\">IMI mais barato para fam\u00edlias com filhos, se autarquias quiserem<\/a> (SIC Not\u00edcias)<\/p>\n<p>&#8220;Neste momento, apenas tr\u00eas autarquias j\u00e1 anunciaram a ades\u00e3o ao IMI Familiar. Trata-se de Viana do Castelo, de Viseu e de Paredes.&#8221;<\/p>\n<p>Mas os fascistas do Seixal, onde eu moro, nunca fizeram nada pelas fam\u00edlias.<\/p>\n","protected":false},"excerpt":{"rendered":"<p>IMI mais barato para fam\u00edlias com filhos, se autarquias quiserem (SIC Not\u00edcias) &#8220;Neste momento, apenas tr\u00eas autarquias j\u00e1 anunciaram a ades\u00e3o ao IMI Familiar. Trata-se de Viana do Castelo, de Viseu e de Paredes.&#8221; Mas os fascistas do Seixal, onde eu moro, nunca fizeram nada pelas fam\u00edlias.<\/p>\n","protected":false},"author":1,"featured_media":0,"comment_status":"open","ping_status":"closed","sticky":false,"template":"","format":"standard","meta":{"footnotes":""},"categories":[1],"tags":[],"_links":{"self":[{"href":"http:\/\/www.inacreditavel.pt\/index.php?rest_route=\/wp\/v2\/posts\/22433"}],"collection":[{"href":"http:\/\/www.inacreditavel.pt\/index.php?rest_route=\/wp\/v2\/posts"}],"about":[{"href":"http:\/\/www.inacreditavel.pt\/index.php?rest_route=\/wp\/v2\/types\/post"}],"author":[{"embeddable":true,"href":"http:\/\/www.inacreditavel.pt\/index.php?rest_route=\/wp\/v2\/users\/1"}],"replies":[{"embeddable":true,"href":"http:\/\/www.inacreditavel.pt\/index.php?rest_route=%2Fwp%2Fv2%2Fcomments&post=22433"}],"version-history":[{"count":2,"href":"http:\/\/www.inacreditavel.pt\/index.php?rest_route=\/wp\/v2\/posts\/22433\/revisions"}],"predecessor-version":[{"id":22435,"href":"http:\/\/www.inacreditavel.pt\/index.php?rest_route=\/wp\/v2\/posts\/22433\/revisions\/22435"}],"wp:attachment":[{"href":"http:\/\/www.inacreditavel.pt\/index.php?rest_route=%2Fwp%2Fv2%2Fmedia&parent=22433"}],"wp:term":[{"taxonomy":"category","embeddable":true,"href":"http:\/\/www.inacreditavel.pt\/index.php?rest_route=%2Fwp%2Fv2%2Fcategories&post=22433"},{"taxonomy":"post_tag","embeddable":true,"href":"http:\/\/www.inacreditavel.pt\/index.php?rest_route=%2Fwp%2Fv2%2Ftags&post=22433"}],"curies":[{"name":"wp","href":"https:\/\/api.w.org\/{rel}","templated":true}]}}