{"id":22308,"date":"2015-07-20T09:31:48","date_gmt":"2015-07-20T09:31:48","guid":{"rendered":"http:\/\/www.inacreditavel.pt\/?p=22308"},"modified":"2015-07-20T09:40:48","modified_gmt":"2015-07-20T09:40:48","slug":"fabula-dos-burros-e-das-vacas","status":"publish","type":"post","link":"http:\/\/www.inacreditavel.pt\/?p=22308","title":{"rendered":"F\u00e1bula dos burros e das vacas"},"content":{"rendered":"<p>&#8230; e ent\u00e3o naqueles tempos o ministro alem\u00e3o confrontou o grego e disse-lhe:<br \/>\n<figure id=\"attachment_22318\" aria-describedby=\"caption-attachment-22318\" style=\"width: 640px\" class=\"wp-caption aligncenter\"><a href=\"http:\/\/www.inacreditavel.pt\/wp-content\/uploads\/sites\/17\/2015\/07\/ehele1.jpg\"><img loading=\"lazy\" decoding=\"async\" src=\"http:\/\/www.inacreditavel.pt\/wp-content\/uploads\/sites\/17\/2015\/07\/ehele1.jpg\" alt=\"Solidariedade!\" width=\"640\" height=\"358\" class=\"size-full wp-image-22318\" srcset=\"http:\/\/www.inacreditavel.pt\/wp-content\/uploads\/sites\/17\/2015\/07\/ehele1.jpg 640w, http:\/\/www.inacreditavel.pt\/wp-content\/uploads\/sites\/17\/2015\/07\/ehele1-300x168.jpg 300w\" sizes=\"(max-width: 640px) 100vw, 640px\" \/><\/a><figcaption id=\"caption-attachment-22318\" class=\"wp-caption-text\">Passa para c\u00e1 o burro<\/figcaption><\/figure><br \/>\n-V\u00f3s tendes dois burros. Pelas regras da solidariedade europeia estais acima da vossa quota. Um dos burros tem que vir para aqui.<br \/>\n-O qu\u00ea?<br \/>\n-\u00c9 assim mesmo. Um dos burros tem que ficar aqui. Em prol da uni\u00e3o, da solidariedade europeia.<br \/>\nE o grego l\u00e1 concordou.<\/p>\n<p>\u00c0 noite, ao chegar ao parlamento dom\u00e9stico,<br \/>\na mulher questiona-o:<br \/>\n-Ent\u00e3o o outro burro?<br \/>\n-Foi para a Alemanha.<br \/>\n-Para a Alemanha? T\u00e1s parvo?<br \/>\nE o grego l\u00e1 se explicou. E a mulher, sagaz, informou-o:<br \/>\nMas olha l\u00e1: Eles t\u00eam duas vacas. Amanh\u00e3 tens de trazer uma!<br \/>\n<figure id=\"attachment_22319\" aria-describedby=\"caption-attachment-22319\" style=\"width: 650px\" class=\"wp-caption aligncenter\"><a href=\"http:\/\/www.inacreditavel.pt\/wp-content\/uploads\/sites\/17\/2015\/07\/lotarias.gif\"><img loading=\"lazy\" decoding=\"async\" src=\"http:\/\/www.inacreditavel.pt\/wp-content\/uploads\/sites\/17\/2015\/07\/lotarias.gif\" alt=\"Pede-lhe a vaca\" width=\"650\" height=\"310\" class=\"size-full wp-image-22319\" \/><\/a><figcaption id=\"caption-attachment-22319\" class=\"wp-caption-text\">T\u00e1s parvo?<\/figcaption><\/figure><br \/>\nAo outro dia, na reuni\u00e3o do eurogrupo, o grego pediu a vaca.<br \/>\nE o alem\u00e3o repondeu-lhe:<br \/>\n&#8211; Essa conversa da solidariedade europeia \u00e9 s\u00f3 para os burros.<\/p>\n<figure id=\"attachment_22321\" aria-describedby=\"caption-attachment-22321\" style=\"width: 903px\" class=\"wp-caption aligncenter\"><a href=\"http:\/\/www.inacreditavel.pt\/wp-content\/uploads\/sites\/17\/2015\/07\/ehele2.jpg\"><img loading=\"lazy\" decoding=\"async\" src=\"http:\/\/www.inacreditavel.pt\/wp-content\/uploads\/sites\/17\/2015\/07\/ehele2.jpg\" alt=\"Cambada...\" width=\"903\" height=\"329\" class=\"size-full wp-image-22321\" srcset=\"http:\/\/www.inacreditavel.pt\/wp-content\/uploads\/sites\/17\/2015\/07\/ehele2.jpg 903w, http:\/\/www.inacreditavel.pt\/wp-content\/uploads\/sites\/17\/2015\/07\/ehele2-300x109.jpg 300w\" sizes=\"(max-width: 903px) 100vw, 903px\" \/><\/a><figcaption id=\"caption-attachment-22321\" class=\"wp-caption-text\">Vacas? Isso \u00e9 que era bom!<\/figcaption><\/figure>\n","protected":false},"excerpt":{"rendered":"<p>&#8230; e ent\u00e3o naqueles tempos o ministro alem\u00e3o confrontou o grego e disse-lhe: -V\u00f3s tendes dois burros. Pelas regras da solidariedade europeia estais acima da vossa quota. Um dos burros tem que vir para aqui. -O qu\u00ea? -\u00c9 assim mesmo. Um dos burros tem que ficar aqui. Em prol da uni\u00e3o, da solidariedade europeia. E [&hellip;]<\/p>\n","protected":false},"author":10,"featured_media":0,"comment_status":"open","ping_status":"closed","sticky":false,"template":"","format":"standard","meta":{"footnotes":""},"categories":[1],"tags":[],"_links":{"self":[{"href":"http:\/\/www.inacreditavel.pt\/index.php?rest_route=\/wp\/v2\/posts\/22308"}],"collection":[{"href":"http:\/\/www.inacreditavel.pt\/index.php?rest_route=\/wp\/v2\/posts"}],"about":[{"href":"http:\/\/www.inacreditavel.pt\/index.php?rest_route=\/wp\/v2\/types\/post"}],"author":[{"embeddable":true,"href":"http:\/\/www.inacreditavel.pt\/index.php?rest_route=\/wp\/v2\/users\/10"}],"replies":[{"embeddable":true,"href":"http:\/\/www.inacreditavel.pt\/index.php?rest_route=%2Fwp%2Fv2%2Fcomments&post=22308"}],"version-history":[{"count":6,"href":"http:\/\/www.inacreditavel.pt\/index.php?rest_route=\/wp\/v2\/posts\/22308\/revisions"}],"predecessor-version":[{"id":22325,"href":"http:\/\/www.inacreditavel.pt\/index.php?rest_route=\/wp\/v2\/posts\/22308\/revisions\/22325"}],"wp:attachment":[{"href":"http:\/\/www.inacreditavel.pt\/index.php?rest_route=%2Fwp%2Fv2%2Fmedia&parent=22308"}],"wp:term":[{"taxonomy":"category","embeddable":true,"href":"http:\/\/www.inacreditavel.pt\/index.php?rest_route=%2Fwp%2Fv2%2Fcategories&post=22308"},{"taxonomy":"post_tag","embeddable":true,"href":"http:\/\/www.inacreditavel.pt\/index.php?rest_route=%2Fwp%2Fv2%2Ftags&post=22308"}],"curies":[{"name":"wp","href":"https:\/\/api.w.org\/{rel}","templated":true}]}}