{"id":2229,"date":"2008-07-02T11:03:27","date_gmt":"2008-07-02T11:03:27","guid":{"rendered":"http:\/\/inacreditavel.ioio.info\/?p=2229"},"modified":"2008-07-02T11:07:05","modified_gmt":"2008-07-02T11:07:05","slug":"top-porco-internacionaliza-se","status":"publish","type":"post","link":"http:\/\/www.inacreditavel.pt\/?p=2229","title":{"rendered":"Top Porco internacionaliza-se"},"content":{"rendered":"<p>Todos sabem o que \u00e9 uma internacionaliza\u00e7\u00e3o. Fode-se uma estrangeira e fica-se internacionalizado. A tarefa hoje est\u00e1 mais f\u00e1cil, mas em tempos era uma tarefa um bocado dif\u00edcil, logo merit\u00f3ria. As institui\u00e7\u00f5es tamb\u00e9m se internacionalizam. O Top Porco resolveu internacionalizar-se.<\/p>\n<p><strong>Porqu\u00ea a internacionaliza\u00e7\u00e3o?<\/strong> O chornal do inacredit\u00e1vel \u00e9 assim: em cada problema v\u00ea uma oportunidade e meia. Confrontado com uma candidatura sueca ao Top Porco, o chornal sentiu a necessidade de redefinir o scope deste. Os porquinhos s\u00e3o animais humildes e de vistas curtas. O Top Porco foi inicialmente criado a pensar no seu quintal. Ser pol\u00edcia do mundo \u00e9 uma tarefa dif\u00edcil para qualquer porco. O mundo \u00e9 muito grande, cerca de duas vezes e meia maior do que portugal. Estaremos n\u00f3s \u00e0 altura de um Top Porco que ultrapasse as fronteiras da nossa pocilga? Claro que sim.<\/p>\n<p>Deix\u00e1mos de caber nas cal\u00e7as. Somos grandes. Estamos eivados a um destino grandioso. \u00c9 com imensa satisfa\u00e7\u00e3o que vos tenho a comunicar o nascimento do <strong>Top Porco Internacional.<\/strong><\/p>\n<p><em>You\u2019re born<br \/>\nYou\u2019re free<br \/>\nSo, happy birthday<\/em><\/p>\n<p>P.S.: De ora em diante, s\u00e3o candidatos ao Top Porco os eventos nacionais ou com impacto na nossa pocilga. Todos os eventos, nacionais e internacionais, s\u00e3o candidatos ao Top Porco Internacional. Ficam desde j\u00e1 c\u00f3pirraited as seguintes marcas: International Top Pig, ITP, Top Porc International, TPI (eh!eh!), e Internazionale Schwein Top.<\/p>\n","protected":false},"excerpt":{"rendered":"<p>Todos sabem o que \u00e9 uma internacionaliza\u00e7\u00e3o. Fode-se uma estrangeira e fica-se internacionalizado. A tarefa hoje est\u00e1 mais f\u00e1cil, mas em tempos era uma tarefa um bocado dif\u00edcil, logo merit\u00f3ria. As institui\u00e7\u00f5es tamb\u00e9m se internacionalizam. O Top Porco resolveu internacionalizar-se. Porqu\u00ea a internacionaliza\u00e7\u00e3o? O chornal do inacredit\u00e1vel \u00e9 assim: em cada problema v\u00ea uma oportunidade [&hellip;]<\/p>\n","protected":false},"author":9,"featured_media":0,"comment_status":"open","ping_status":"closed","sticky":false,"template":"","format":"standard","meta":{"footnotes":""},"categories":[1],"tags":[],"_links":{"self":[{"href":"http:\/\/www.inacreditavel.pt\/index.php?rest_route=\/wp\/v2\/posts\/2229"}],"collection":[{"href":"http:\/\/www.inacreditavel.pt\/index.php?rest_route=\/wp\/v2\/posts"}],"about":[{"href":"http:\/\/www.inacreditavel.pt\/index.php?rest_route=\/wp\/v2\/types\/post"}],"author":[{"embeddable":true,"href":"http:\/\/www.inacreditavel.pt\/index.php?rest_route=\/wp\/v2\/users\/9"}],"replies":[{"embeddable":true,"href":"http:\/\/www.inacreditavel.pt\/index.php?rest_route=%2Fwp%2Fv2%2Fcomments&post=2229"}],"version-history":[{"count":0,"href":"http:\/\/www.inacreditavel.pt\/index.php?rest_route=\/wp\/v2\/posts\/2229\/revisions"}],"wp:attachment":[{"href":"http:\/\/www.inacreditavel.pt\/index.php?rest_route=%2Fwp%2Fv2%2Fmedia&parent=2229"}],"wp:term":[{"taxonomy":"category","embeddable":true,"href":"http:\/\/www.inacreditavel.pt\/index.php?rest_route=%2Fwp%2Fv2%2Fcategories&post=2229"},{"taxonomy":"post_tag","embeddable":true,"href":"http:\/\/www.inacreditavel.pt\/index.php?rest_route=%2Fwp%2Fv2%2Ftags&post=2229"}],"curies":[{"name":"wp","href":"https:\/\/api.w.org\/{rel}","templated":true}]}}