{"id":22281,"date":"2015-07-01T18:00:29","date_gmt":"2015-07-01T18:00:29","guid":{"rendered":"http:\/\/www.inacreditavel.pt\/?p=22281"},"modified":"2015-07-01T18:43:40","modified_gmt":"2015-07-01T18:43:40","slug":"algodao-da-oliveira","status":"publish","type":"post","link":"http:\/\/www.inacreditavel.pt\/?p=22281","title":{"rendered":"Algod\u00e3o da oliveira"},"content":{"rendered":"<p>Descobri, esta semana, que uma das minhas oliveiras tinha um parasita. A oliveira \u00e9 pequena e limpei-a \u00e0 m\u00e3o. Hoje havia mais e voltei a limpar. Procurei na net@ e descobri que a maleita se chama <strong>algod\u00e3o da oliveira<\/strong>.<\/p>\n<p>Vou procurar uma solu\u00e7\u00e3o ecol\u00f3gica para o problema e depois comunico. Entretanto fica aqui o que descobri.<\/p>\n<p><a href=\"http:\/\/www.inacreditavel.pt\/wp-content\/uploads\/sites\/17\/2015\/07\/algodao.jpg\"><img loading=\"lazy\" decoding=\"async\" class=\"aligncenter size-full wp-image-22282\" src=\"http:\/\/www.inacreditavel.pt\/wp-content\/uploads\/sites\/17\/2015\/07\/algodao.jpg\" alt=\"algodao\" width=\"620\" height=\"412\" srcset=\"http:\/\/www.inacreditavel.pt\/wp-content\/uploads\/sites\/17\/2015\/07\/algodao.jpg 620w, http:\/\/www.inacreditavel.pt\/wp-content\/uploads\/sites\/17\/2015\/07\/algodao-300x199.jpg 300w\" sizes=\"(max-width: 620px) 100vw, 620px\" \/><\/a>H\u00e1 v\u00e1rios s\u00edtios que descrevem a maleita, de nome cient\u00edtifo <strong>Euphyllura olivina<\/strong>, um inseto que se alimenta da seiva e pode originar a falta de desenvolvimento na \u00e1rvore. O efeito \u00e9 vis\u00edvel nas ramifica\u00e7\u00f5es e folhagens, atrav\u00e9s de uma secre\u00e7\u00e3o branca que est\u00e1 presente e que se assemelha a resqu\u00edcios de algod\u00e3o [<a href=\"http:\/\/www.herdadejoiadosul.pt\/index.php?option=com_flexicontent&amp;view=item&amp;cid=12:institucional&amp;id=52:pragas-e-doencas&amp;Itemid=252&amp;lang=pt\">1<\/a>].<\/p>\n<p>Noutro local [<a href=\"http:\/\/www3.syngenta.com\/country\/pt\/pt\/culturas\/Olival\/Problemas\/Pages\/Algodaodaoliveira.aspx\">2<\/a>], encontrei informa\u00e7\u00e3o mais detalhada e organizada:<\/p>\n<p><span style=\"text-decoration: underline;\">Euphyllura olivina Costa<\/span><\/p>\n<p><strong>Morfologia<\/strong><\/p>\n<p>Ovo \u2013 el\u00edptico, cor branca quando rec\u00e9m colocado e amarelado pr\u00f3ximo da eclos\u00e3o, com um pequeno ped\u00fanculo que o liga ao raminho.<br \/>\nNinfa \u2013 de cor amarelo p\u00e1lido a ocre, corpo achatado e olhos vermelho brilhante.<br \/>\nAdulto \u2013 de pequeno tamanho e de cor verde p\u00e1lido, o terceiro par de patas \u00e9 mais desenvolvido e adaptado ao salto.<\/p>\n<p><strong>Bioecologia<\/strong><\/p>\n<p>Passa o Inverno sob a forma adulta e refugiam-se nos ramos, folhas e gemas axilares.<\/p>\n<p>No in\u00edcio da Primavera fazem as posturas agrupadas nas folhas jovens, gomos apicais e gomos axilares.<\/p>\n<p>Ap\u00f3s a eclos\u00e3o, as lavas formam col\u00f3nias perto das posturas, alimentando-se da seiva da oliveira e desenvolvendo massas semelhantes a algod\u00e3o, geralmente nos bot\u00f5es florais.<\/p>\n<p><strong>Preju\u00edzos<\/strong><\/p>\n<p>No estado de ninfa e adulto sugam a seiva elaborada podendo comprometer o desenvolvimento da \u00e1rvore, principalmente em olivais jovens.<\/p>\n<p>O ataque nos bot\u00f5es florais pode provocar a infertilidade e quebra de produ\u00e7\u00e3o.<\/p>\n<p>A instala\u00e7\u00e3o da fumagina provocada pela secre\u00e7\u00e3o de melada, pode resultar num preju\u00edzo relativo.<\/p>\n<p>Na gera\u00e7\u00e3o outonal os seus ataques podem produzir queda de frutos muito significativa.<\/p>\n","protected":false},"excerpt":{"rendered":"<p>Descobri, esta semana, que uma das minhas oliveiras tinha um parasita. A oliveira \u00e9 pequena e limpei-a \u00e0 m\u00e3o. Hoje havia mais e voltei a limpar. Procurei na net@ e descobri que a maleita se chama algod\u00e3o da oliveira. Vou procurar uma solu\u00e7\u00e3o ecol\u00f3gica para o problema e depois comunico. Entretanto fica aqui o que [&hellip;]<\/p>\n","protected":false},"author":1,"featured_media":0,"comment_status":"open","ping_status":"closed","sticky":false,"template":"","format":"standard","meta":{"footnotes":""},"categories":[232],"tags":[],"_links":{"self":[{"href":"http:\/\/www.inacreditavel.pt\/index.php?rest_route=\/wp\/v2\/posts\/22281"}],"collection":[{"href":"http:\/\/www.inacreditavel.pt\/index.php?rest_route=\/wp\/v2\/posts"}],"about":[{"href":"http:\/\/www.inacreditavel.pt\/index.php?rest_route=\/wp\/v2\/types\/post"}],"author":[{"embeddable":true,"href":"http:\/\/www.inacreditavel.pt\/index.php?rest_route=\/wp\/v2\/users\/1"}],"replies":[{"embeddable":true,"href":"http:\/\/www.inacreditavel.pt\/index.php?rest_route=%2Fwp%2Fv2%2Fcomments&post=22281"}],"version-history":[{"count":3,"href":"http:\/\/www.inacreditavel.pt\/index.php?rest_route=\/wp\/v2\/posts\/22281\/revisions"}],"predecessor-version":[{"id":22285,"href":"http:\/\/www.inacreditavel.pt\/index.php?rest_route=\/wp\/v2\/posts\/22281\/revisions\/22285"}],"wp:attachment":[{"href":"http:\/\/www.inacreditavel.pt\/index.php?rest_route=%2Fwp%2Fv2%2Fmedia&parent=22281"}],"wp:term":[{"taxonomy":"category","embeddable":true,"href":"http:\/\/www.inacreditavel.pt\/index.php?rest_route=%2Fwp%2Fv2%2Fcategories&post=22281"},{"taxonomy":"post_tag","embeddable":true,"href":"http:\/\/www.inacreditavel.pt\/index.php?rest_route=%2Fwp%2Fv2%2Ftags&post=22281"}],"curies":[{"name":"wp","href":"https:\/\/api.w.org\/{rel}","templated":true}]}}