{"id":22083,"date":"2015-02-14T01:10:14","date_gmt":"2015-02-14T01:10:14","guid":{"rendered":"http:\/\/www.inacreditavel.pt\/?p=22083"},"modified":"2015-02-14T01:45:03","modified_gmt":"2015-02-14T01:45:03","slug":"enxertos","status":"publish","type":"post","link":"http:\/\/www.inacreditavel.pt\/?p=22083","title":{"rendered":"Enxertos"},"content":{"rendered":"<p>Amanh\u00e3 vou enxertar um pessegueiro e duas oliveiras. Ficam aqui algumas dicas.<\/p>\n<p>Enxerto de borbulha<br \/>\n<iframe loading=\"lazy\" src=\"https:\/\/www.youtube.com\/embed\/8L-iLwcq3sk\" width=\"640\" height=\"480\" frameborder=\"0\" allowfullscreen=\"allowfullscreen\"><\/iframe><\/p>\n<p><strong>Enxerto de garfo<\/strong>: <a href=\"http:\/\/permaculturaportugal.ning.com\/profiles\/blogs\/enxertia-de-garfo-para\">Enxertia de garfo para principiantes<\/a><\/p>\n<p>Enxerto de oliveira<br \/>\n<iframe loading=\"lazy\" width=\"640\" height=\"480\" src=\"https:\/\/www.youtube.com\/embed\/z0tJirNySW4\" frameborder=\"0\" allowfullscreen><\/iframe><\/p>\n<p><strong>PDFs com informa\u00e7\u00e3o para enxerto de oliveiras<\/strong>:<br \/>\n<a href=\"http:\/\/www.drapc.min-agricultura.pt\/base\/documentos\/enxertia_oliveira_02.pdf\">Enxertia de Oliveiras (1)<\/a><br \/>\n<a href=\"http:\/\/www.drapn.min-agricultura.pt\/drapn\/conteudos\/ft2010\/ficha_tecnica_34_2010.pdf\">Enxertia de Oliveiras (2)<\/a><\/p>\n<p>Per\u00edodos mais apropriados para os enxertos (de <a href=\"http:\/\/www.sra.pt\/index.php?option=com_content&amp;view=article&amp;id=128:qual-e-a-epoca-apropriada-para-proceder-a-enxertia-das-minhas-arvores&amp;catid=42:agricultura&amp;Itemid=65\">SRARN<\/a>)<\/p>\n<table style=\"border:1px solid black;\" width=\"500\" cellspacing=\"0\" cellpadding=\"3\" align=\"center\">\n<thead>\n<tr>\n<th scope=\"col\" bgcolor=\"#cccccc\">Esp\u00e9cie<\/th>\n<th scope=\"col\" bgcolor=\"#cccccc\">\u00c9poca de enxertia<\/th>\n<\/tr>\n<\/thead>\n<tbody>\n<tr>\n<td>Abacateiro<\/td>\n<td>Junho a Setembro<\/td>\n<\/tr>\n<tr>\n<td>Ameixieira<\/td>\n<td>Janeiro a Mar\u00e7o<\/td>\n<\/tr>\n<tr>\n<td>Anoneira<\/td>\n<td>Mar\u00e7o e Maio<\/td>\n<\/tr>\n<tr>\n<td>Castanheiro<\/td>\n<td>Mar\u00e7o e Abril<\/td>\n<\/tr>\n<tr>\n<td>Cerejeira<\/td>\n<td>Janeiro a Mar\u00e7o<\/td>\n<\/tr>\n<tr>\n<td>Citrinos<\/td>\n<td>Mar\u00e7o a Setembro<\/td>\n<\/tr>\n<tr>\n<td>Damasqueiro<\/td>\n<td>Janeiro a Mar\u00e7o<\/td>\n<\/tr>\n<tr>\n<td>Diospireiro<\/td>\n<td>Fevereiro a Mar\u00e7o<\/td>\n<\/tr>\n<tr>\n<td>Macieira<\/td>\n<td>Janeiro a Mar\u00e7o<\/td>\n<\/tr>\n<tr>\n<td>Mangueiro<\/td>\n<td>Junho a Setembro<\/td>\n<\/tr>\n<tr>\n<td>Nespereira<\/td>\n<td>Junho a Agosto<\/td>\n<\/tr>\n<tr>\n<td>Pereira<\/td>\n<td>Janeiro a Mar\u00e7o<\/td>\n<\/tr>\n<tr>\n<td>Pessegueiro<\/td>\n<td>Dezembro a Janeiro<\/td>\n<\/tr>\n<\/tbody>\n<\/table>\n<p>&nbsp;<\/p>\n","protected":false},"excerpt":{"rendered":"<p>Amanh\u00e3 vou enxertar um pessegueiro e duas oliveiras. Ficam aqui algumas dicas. Enxerto de borbulha Enxerto de garfo: Enxertia de garfo para principiantes Enxerto de oliveira PDFs com informa\u00e7\u00e3o para enxerto de oliveiras: Enxertia de Oliveiras (1) Enxertia de Oliveiras (2) Per\u00edodos mais apropriados para os enxertos (de SRARN) Esp\u00e9cie \u00c9poca de enxertia Abacateiro Junho [&hellip;]<\/p>\n","protected":false},"author":1,"featured_media":0,"comment_status":"open","ping_status":"closed","sticky":false,"template":"","format":"standard","meta":{"footnotes":""},"categories":[232],"tags":[],"_links":{"self":[{"href":"http:\/\/www.inacreditavel.pt\/index.php?rest_route=\/wp\/v2\/posts\/22083"}],"collection":[{"href":"http:\/\/www.inacreditavel.pt\/index.php?rest_route=\/wp\/v2\/posts"}],"about":[{"href":"http:\/\/www.inacreditavel.pt\/index.php?rest_route=\/wp\/v2\/types\/post"}],"author":[{"embeddable":true,"href":"http:\/\/www.inacreditavel.pt\/index.php?rest_route=\/wp\/v2\/users\/1"}],"replies":[{"embeddable":true,"href":"http:\/\/www.inacreditavel.pt\/index.php?rest_route=%2Fwp%2Fv2%2Fcomments&post=22083"}],"version-history":[{"count":6,"href":"http:\/\/www.inacreditavel.pt\/index.php?rest_route=\/wp\/v2\/posts\/22083\/revisions"}],"predecessor-version":[{"id":22089,"href":"http:\/\/www.inacreditavel.pt\/index.php?rest_route=\/wp\/v2\/posts\/22083\/revisions\/22089"}],"wp:attachment":[{"href":"http:\/\/www.inacreditavel.pt\/index.php?rest_route=%2Fwp%2Fv2%2Fmedia&parent=22083"}],"wp:term":[{"taxonomy":"category","embeddable":true,"href":"http:\/\/www.inacreditavel.pt\/index.php?rest_route=%2Fwp%2Fv2%2Fcategories&post=22083"},{"taxonomy":"post_tag","embeddable":true,"href":"http:\/\/www.inacreditavel.pt\/index.php?rest_route=%2Fwp%2Fv2%2Ftags&post=22083"}],"curies":[{"name":"wp","href":"https:\/\/api.w.org\/{rel}","templated":true}]}}