{"id":21703,"date":"2014-09-27T17:41:48","date_gmt":"2014-09-27T17:41:48","guid":{"rendered":"http:\/\/www.inacreditavel.pt\/?p=21703"},"modified":"2014-09-27T17:42:55","modified_gmt":"2014-09-27T17:42:55","slug":"sementeiras-de-outono","status":"publish","type":"post","link":"http:\/\/www.inacreditavel.pt\/?p=21703","title":{"rendered":"Sementeiras de outono"},"content":{"rendered":"<p>Encontrei na net@ uma solu\u00e7\u00e3o fant\u00e1stica para a falta de espa\u00e7o na horta, assim como para o excesso de fundos de palete que tenho aqui por desmontar.<\/p>\n<p><a href=\"http:\/\/www.inacreditavel.pt\/wp-content\/uploads\/sites\/17\/2014\/09\/96f910683d6dd06c5b2d7043762306ac.jpg\"><img loading=\"lazy\" decoding=\"async\" src=\"http:\/\/www.inacreditavel.pt\/wp-content\/uploads\/sites\/17\/2014\/09\/96f910683d6dd06c5b2d7043762306ac.jpg\" alt=\"96f910683d6dd06c5b2d7043762306ac\" width=\"736\" height=\"981\" class=\"aligncenter size-full wp-image-21704\" srcset=\"http:\/\/www.inacreditavel.pt\/wp-content\/uploads\/sites\/17\/2014\/09\/96f910683d6dd06c5b2d7043762306ac.jpg 736w, http:\/\/www.inacreditavel.pt\/wp-content\/uploads\/sites\/17\/2014\/09\/96f910683d6dd06c5b2d7043762306ac-225x300.jpg 225w\" sizes=\"(max-width: 736px) 100vw, 736px\" \/><\/a><\/p>\n<p>Nem preciso de as desmontar, basta pregar mais umas t\u00e1buas e come\u00e7ar a sementeira.<\/p>\n<p>Estive a ver na net e vou usar isto para semear: alho, alface, cebola, coentros, salsa, rabanetes e couves. E talvez favas e ervilhas.<\/p>\n<p>S\u00e3o as sementeiras de setembro e outubro. [<a href=\"http:\/\/omeujardim.com\/artigos\/mes-mes-deve-plantar-horta\">1<\/a>] [<a href=\"http:\/\/flores.culturamix.com\/dicas\/o-que-se-deve-plantar-na-horta-a-cada-mes\">2<\/a>] <\/p>\n","protected":false},"excerpt":{"rendered":"<p>Encontrei na net@ uma solu\u00e7\u00e3o fant\u00e1stica para a falta de espa\u00e7o na horta, assim como para o excesso de fundos de palete que tenho aqui por desmontar. Nem preciso de as desmontar, basta pregar mais umas t\u00e1buas e come\u00e7ar a sementeira. Estive a ver na net e vou usar isto para semear: alho, alface, cebola, [&hellip;]<\/p>\n","protected":false},"author":1,"featured_media":0,"comment_status":"open","ping_status":"closed","sticky":false,"template":"","format":"standard","meta":{"footnotes":""},"categories":[232],"tags":[],"_links":{"self":[{"href":"http:\/\/www.inacreditavel.pt\/index.php?rest_route=\/wp\/v2\/posts\/21703"}],"collection":[{"href":"http:\/\/www.inacreditavel.pt\/index.php?rest_route=\/wp\/v2\/posts"}],"about":[{"href":"http:\/\/www.inacreditavel.pt\/index.php?rest_route=\/wp\/v2\/types\/post"}],"author":[{"embeddable":true,"href":"http:\/\/www.inacreditavel.pt\/index.php?rest_route=\/wp\/v2\/users\/1"}],"replies":[{"embeddable":true,"href":"http:\/\/www.inacreditavel.pt\/index.php?rest_route=%2Fwp%2Fv2%2Fcomments&post=21703"}],"version-history":[{"count":2,"href":"http:\/\/www.inacreditavel.pt\/index.php?rest_route=\/wp\/v2\/posts\/21703\/revisions"}],"predecessor-version":[{"id":21706,"href":"http:\/\/www.inacreditavel.pt\/index.php?rest_route=\/wp\/v2\/posts\/21703\/revisions\/21706"}],"wp:attachment":[{"href":"http:\/\/www.inacreditavel.pt\/index.php?rest_route=%2Fwp%2Fv2%2Fmedia&parent=21703"}],"wp:term":[{"taxonomy":"category","embeddable":true,"href":"http:\/\/www.inacreditavel.pt\/index.php?rest_route=%2Fwp%2Fv2%2Fcategories&post=21703"},{"taxonomy":"post_tag","embeddable":true,"href":"http:\/\/www.inacreditavel.pt\/index.php?rest_route=%2Fwp%2Fv2%2Ftags&post=21703"}],"curies":[{"name":"wp","href":"https:\/\/api.w.org\/{rel}","templated":true}]}}