{"id":21585,"date":"2014-09-02T18:09:21","date_gmt":"2014-09-02T18:09:21","guid":{"rendered":"http:\/\/www.inacreditavel.pt\/?p=21585"},"modified":"2014-09-03T14:50:45","modified_gmt":"2014-09-03T14:50:45","slug":"valdemiro-o-modesto","status":"publish","type":"post","link":"http:\/\/www.inacreditavel.pt\/?p=21585","title":{"rendered":"Valdemiro, o Modesto"},"content":{"rendered":"<p>&#8220;<em><strong>Se me der na mona, tomarei Kiev em 2 semanas<\/strong><\/em>&#8220;, disse o Valdemiro Pudim (TBC &#8220;cavalgador de tigres&#8221;) ao Barr\u00e4o Duroso (TBC &#8220;cherne podre&#8221;)<br \/>\n<a href=\"https:\/\/uk.news.yahoo.com\/ukraine-crisis-want-kiev-two-weeks-putin-warns-140103140.html\" target=\"_blank\">Pudim avisa Barroso acerca da Ucr\u00e2nia<\/a><br \/>\nA (des)UE, a mando do comando da OTAN, anda-se a armar aos cucos, e insiste em financiar em Kiev um governo golpista que inclui neonazis, que andam divertidos a matar civis no Leste da Ucr\u00e2nia (ver Donbass), depois de o terem feito no Sul (ver Odessa), enquanto vai picanda a R\u00fassia (a quem deve uns largos milhares de milh\u00f6es de euros do g\u00e1s) para que esta intervenha militarmente&#8230; para assim arrastar a OTAN para o conflito.<br \/>\nEntretanto, a R\u00fassia mostra paci\u00eancia (a mais), e agora o seu presidente mandou o recado ao mo\u00e7o de recados de Bruxelas. S\u00f3 que se conteve, que se com mil homens os fedralistas conseguem travar o ex\u00e9rcito ucraniano, ent\u00e4o com um ex\u00e9rcito inteiro ele chega \u00e0 pra\u00e7a Maidan numa semana, no m\u00e1ximo, mesmo parando para almo\u00e7ar pelo caminho.<\/p>\n<p>Com a sua habitual sagacidade, o Gorbinhas (TBC &#8220;mancha na tola&#8221;) j\u00e1 avisou as hostes.<br \/>\n<a href=\"https:\/\/uk.news.yahoo.com\/ukraine-crisis-gorbachev-warns-terrible-slaughter-europe-162014101.html\" target=\"_blank\">Gorbachyov avisa da terr\u00edvel mortandade na Europal<\/a><br \/>\nEle \u00e9 cr\u00edtico do Pudim (e do seu Ursinho) no que respeita ao respeito pela democracia e direitos humano, mas sabe melhor do que ningu\u00e9m o que se pode esperar do Ocidente&#8230; e da R\u00fassia!<\/p>\n<p>E agora pelo Gorbinhas: os EUA est\u00e4o a pagar com l\u00edngua de palmo terem-no apeado para meter \u00e0 frente da R\u00fassia o imbecil bubadolas Yeltsin, e assim conseguir meter a R\u00fassia num fedorento chinelo. Foram os anos de crise trazidos pelo esbulho permitido pelo &#8220;\u00c9brio-mor de Todas as R\u00fassias&#8221; que fizeram eleger o Valdemiro Pudim.<img decoding=\"async\" class=\"alignleft\" src=\"http:\/\/media.zenfs.com\/en_GB\/News\/AFP\/95e07d3e5d85f093f0102495c5d3b4729e47d229.jpg\" alt=\"Gorby seminovo\" width=\"460\" \/><br \/>\nGorby, al\u00e9m de estar vivo, continua l\u00facido como em 1990 (mas mais rechonchudinho). Por isso convinha ape\u00e1-lo o mais depressa poss\u00edvel, antes que ele realizasse o seu sonho de transformar a falida e ineficiente Uni\u00e3o das Rep\u00fablicas Socialistas Sovi\u00e9ticas numa democr\u00e1tica e eficiente Uni\u00e3o das Rep\u00fablicas Soberanas Sovi\u00e9ticas, de cariz social-democr\u00e1tica \u00e0 maneira n\u00f3rdica. Por isso o PC o odeio tanto, mas isso \u00e9 problema deles. Imaginem o que seria dessa URSS (ou s\u00f3 mesmo da R\u00fassia, se tivesse havido na mesma separa\u00e7\u00e4o) neste momento. Com privatiza\u00e7\u00f6es suaves e aumentos de produtividade desde 1990 aos n\u00edveis s\u00f3 atingidos de 2000 em diante, e com um Estado Social forte, o Gorby estaria breve a celebrar 30 anos como o <em>Salvador de Todas as R\u00fassias<\/em>, pelo menos.<br \/>\n<img loading=\"lazy\" decoding=\"async\" class=\"alignright\" src=\"http:\/\/static.guim.co.uk\/sys-images\/Guardian\/About\/General\/2011\/2\/21\/1298314378426\/Mikhail-Gorbachev-007.jpg\" alt=\"Gorby velho\" width=\"460\" height=\"276\" \/>Ganharia a R\u00fassia mas tamb\u00e9m e principalmente ganharia o Mundo todo: os excessos da globaliza\u00e7\u00e4o e financeiriza\u00e7\u00e4o econ\u00f3mica n\u00e4o se fariam sentir desta maneira, haveria muito mais paz e sossego sem as guerras jugoslavas e fundamentalismos isl\u00e2micos, que o contra-ponto \u00e0 palha\u00e7ada continuaria a existir.<br \/>\nMas isso implicaria permitir \u00e0 R\u00fassia ter j\u00e1 em 2000 a for\u00e7a que det\u00e9m agora, e a OTAN mantida onde estava, e isso era de evitar a todo o custo.<br \/>\nAgora amanhem-se, que o Pudim pode ser c\u00ednico e mau, mas \u00e9 (muito) inteligente. E tem o rancor anti-ocidental do povo russo a apoi\u00e1-lo.<\/p>\n","protected":false},"excerpt":{"rendered":"<p>&#8220;Se me der na mona, tomarei Kiev em 2 semanas&#8220;, disse o Valdemiro Pudim (TBC &#8220;cavalgador de tigres&#8221;) ao Barr\u00e4o Duroso (TBC &#8220;cherne podre&#8221;) Pudim avisa Barroso acerca da Ucr\u00e2nia A (des)UE, a mando do comando da OTAN, anda-se a armar aos cucos, e insiste em financiar em Kiev um governo golpista que inclui neonazis, [&hellip;]<\/p>\n","protected":false},"author":21,"featured_media":0,"comment_status":"open","ping_status":"closed","sticky":false,"template":"","format":"standard","meta":{"footnotes":""},"categories":[13,1,256,14,19,206],"tags":[],"_links":{"self":[{"href":"http:\/\/www.inacreditavel.pt\/index.php?rest_route=\/wp\/v2\/posts\/21585"}],"collection":[{"href":"http:\/\/www.inacreditavel.pt\/index.php?rest_route=\/wp\/v2\/posts"}],"about":[{"href":"http:\/\/www.inacreditavel.pt\/index.php?rest_route=\/wp\/v2\/types\/post"}],"author":[{"embeddable":true,"href":"http:\/\/www.inacreditavel.pt\/index.php?rest_route=\/wp\/v2\/users\/21"}],"replies":[{"embeddable":true,"href":"http:\/\/www.inacreditavel.pt\/index.php?rest_route=%2Fwp%2Fv2%2Fcomments&post=21585"}],"version-history":[{"count":10,"href":"http:\/\/www.inacreditavel.pt\/index.php?rest_route=\/wp\/v2\/posts\/21585\/revisions"}],"predecessor-version":[{"id":21596,"href":"http:\/\/www.inacreditavel.pt\/index.php?rest_route=\/wp\/v2\/posts\/21585\/revisions\/21596"}],"wp:attachment":[{"href":"http:\/\/www.inacreditavel.pt\/index.php?rest_route=%2Fwp%2Fv2%2Fmedia&parent=21585"}],"wp:term":[{"taxonomy":"category","embeddable":true,"href":"http:\/\/www.inacreditavel.pt\/index.php?rest_route=%2Fwp%2Fv2%2Fcategories&post=21585"},{"taxonomy":"post_tag","embeddable":true,"href":"http:\/\/www.inacreditavel.pt\/index.php?rest_route=%2Fwp%2Fv2%2Ftags&post=21585"}],"curies":[{"name":"wp","href":"https:\/\/api.w.org\/{rel}","templated":true}]}}