{"id":21545,"date":"2014-08-21T19:26:49","date_gmt":"2014-08-21T19:26:49","guid":{"rendered":"http:\/\/www.inacreditavel.pt\/?p=21545"},"modified":"2019-01-13T20:29:49","modified_gmt":"2019-01-13T20:29:49","slug":"a-oliveira-mais-antiga","status":"publish","type":"post","link":"http:\/\/www.inacreditavel.pt\/?p=21545","title":{"rendered":"A oliveira mais antiga&#8230;"},"content":{"rendered":"<p>A oliveira mais antiga do mundo!<br \/>\nBem&#8230; como vou enviar isto para aprova\u00e7\u00e3o pela UTAD vou ser um pouco mais comedido que o usual.<br \/>\nProvavelmente esta \u00e9 a oliveira mais antiga do pa\u00eds, dever\u00e1 ter mais de 3000 anos.<br \/>\nTem 10,32m de per\u00edmetro na base, 8,1m de altura, e 11m por 10m de di\u00e2metro na copa .<\/p>\n<p>Eis uns links do P\u00fablico e do DN, com not\u00edcias sobre oliveiras velhas:<\/p>\n<ul>\n<li>Segundo o jornal em linha <a href=\"https:\/\/www.portugaldenorteasul.pt\/11385\/oliveira-mais-antiga-de-portugal-nasceu-ha-3350-anos?fbclid=IwAR34WeJzCvVOJwmPo7z1WfG4yb7a6O7qqT7w6z0BSE9Pm4iYkooMt9t2BjA\">Portugal de norte a sul<\/a>, a oliveira mais velha do pa\u00eds est\u00e1 em Cascalhos, na freguesia de Mouriscas, concelho de Abrantes, e tem 3350 anos. Na not\u00edcia, n\u00e3o vi refer\u00eancia a quem fez essa certifica\u00e7\u00e3o, mas dever\u00e1 ter sido a UTAD.<\/li>\n<li><a href=\"http:\/\/www.publico.pt\/sociedade\/noticia\/arvore-mais-velha-de-portugal-certificada-este-sabado-vive-em-santa-iria-da-azoia-1501904\">\u00c1rvore mais velha de Portugal certificada este s\u00e1bado vive em Santa Iria da Az\u00f3ia<\/a><br \/>\n(2850 anos, per\u00edmetro na base 10,15 metros, altura 4,40 metros e di\u00e2metro de copa 7,60 por 8,40 metros)<\/li>\n<li><a href=\"http:\/\/www.publico.pt\/ciencia\/noticia\/oliveira-de-monsaraz-com-2450-anos-e-a-segunda-mais-antiga-de-portugal-1616614\">Oliveira de Monsaraz com 2450 anos \u00e9 a segunda mais antiga de Portugal<\/a><br \/>\n(2450 anos)<\/li>\n<li><a href=\"http:\/\/www.dn.pt\/inicio\/ciencia\/interior.aspx?content_id=1441116&amp;seccao=Biosfera\">Oliveira milenar do Algarve \u00e9 a mais velha do Continente<\/a><br \/>\n(j\u00e1 n\u00e3o \u00e9, tem 2210 anos)<\/li>\n<\/ul>\n<p>A oliveira atualmente considerada &#8220;a mais velha&#8221; tem apenas 10,15m de per\u00edmetro na base e esta tem 10,32m. Al\u00e9m disso, esta tem quase o dobro da altura.<\/p>\n<p>Ficam aqui alguns registos, em v\u00eddeo e imagem, da \u00e1rvore, depois de eu ter estado 4h a desbastar as silvas, com mais 2,5h de ajuda da minha irm\u00e3, num total de 6,5h de trabalho.<\/p>\n<p><iframe loading=\"lazy\" src=\"\/\/www.youtube.com\/embed\/IZr1J02d3gg\" width=\"640\" height=\"480\" frameborder=\"0\" allowfullscreen=\"allowfullscreen\"><\/iframe><\/p>\n<p><a href=\"http:\/\/www.inacreditavel.pt\/wp-content\/uploads\/sites\/17\/2014\/08\/IMG_20140821_172350.jpg\"><img loading=\"lazy\" decoding=\"async\" class=\"aligncenter size-large wp-image-21546\" src=\"http:\/\/www.inacreditavel.pt\/wp-content\/uploads\/sites\/17\/2014\/08\/IMG_20140821_172350-1024x768.jpg\" alt=\"IMG_20140821_172350\" width=\"604\" height=\"453\" srcset=\"http:\/\/www.inacreditavel.pt\/wp-content\/uploads\/sites\/17\/2014\/08\/IMG_20140821_172350-1024x768.jpg 1024w, http:\/\/www.inacreditavel.pt\/wp-content\/uploads\/sites\/17\/2014\/08\/IMG_20140821_172350-300x225.jpg 300w\" sizes=\"(max-width: 604px) 100vw, 604px\" \/><\/a><\/p>\n<p><a href=\"http:\/\/www.inacreditavel.pt\/wp-content\/uploads\/sites\/17\/2014\/08\/IMG_20140821_172527.jpg\"><img loading=\"lazy\" decoding=\"async\" class=\"aligncenter size-large wp-image-21547\" src=\"http:\/\/www.inacreditavel.pt\/wp-content\/uploads\/sites\/17\/2014\/08\/IMG_20140821_172527-1024x768.jpg\" alt=\"IMG_20140821_172527\" width=\"604\" height=\"453\" srcset=\"http:\/\/www.inacreditavel.pt\/wp-content\/uploads\/sites\/17\/2014\/08\/IMG_20140821_172527-1024x768.jpg 1024w, http:\/\/www.inacreditavel.pt\/wp-content\/uploads\/sites\/17\/2014\/08\/IMG_20140821_172527-300x225.jpg 300w\" sizes=\"(max-width: 604px) 100vw, 604px\" \/><\/a><\/p>\n<p><a href=\"http:\/\/www.inacreditavel.pt\/wp-content\/uploads\/sites\/17\/2014\/08\/IMG_20140821_181421.jpg\"><img loading=\"lazy\" decoding=\"async\" class=\"aligncenter size-large wp-image-21548\" src=\"http:\/\/www.inacreditavel.pt\/wp-content\/uploads\/sites\/17\/2014\/08\/IMG_20140821_181421-1024x768.jpg\" alt=\"IMG_20140821_181421\" width=\"604\" height=\"453\" srcset=\"http:\/\/www.inacreditavel.pt\/wp-content\/uploads\/sites\/17\/2014\/08\/IMG_20140821_181421-1024x768.jpg 1024w, http:\/\/www.inacreditavel.pt\/wp-content\/uploads\/sites\/17\/2014\/08\/IMG_20140821_181421-300x225.jpg 300w\" sizes=\"(max-width: 604px) 100vw, 604px\" \/><\/a><\/p>\n<p>Coloquei o meu carro \u00e0 frente da oliveira para se poder estimar a altura. O carro \u00e9 um Mitsubishi Space Gear 4WD, com 2m de altura e 4,5 de comprimento. Note-se que h\u00e1 um efeito de perspetiva, porque o carro est\u00e1 um pouco acima da base da oliveira e est\u00e1 \u00e0 dist\u00e2ncia de 6m do centro da oliveira. Antes disto, eu tinha estimado uma altura de 8,1m, a partir da altura de um adulto encostado \u00e0 \u00e1rvore.<\/p>\n<p>Algumas fotos de antes da desmata\u00e7\u00e3o (h\u00e1 3 dias atr\u00e1s):<br \/>\n<a href=\"http:\/\/www.inacreditavel.pt\/wp-content\/uploads\/sites\/17\/2014\/08\/20140815_184224.jpg\"><img loading=\"lazy\" decoding=\"async\" src=\"http:\/\/www.inacreditavel.pt\/wp-content\/uploads\/sites\/17\/2014\/08\/20140815_184224-1024x768.jpg\" alt=\"20140815_184224\" width=\"604\" height=\"453\" class=\"aligncenter size-large wp-image-21556\" srcset=\"http:\/\/www.inacreditavel.pt\/wp-content\/uploads\/sites\/17\/2014\/08\/20140815_184224-1024x768.jpg 1024w, http:\/\/www.inacreditavel.pt\/wp-content\/uploads\/sites\/17\/2014\/08\/20140815_184224-300x225.jpg 300w, http:\/\/www.inacreditavel.pt\/wp-content\/uploads\/sites\/17\/2014\/08\/20140815_184224.jpg 2048w\" sizes=\"(max-width: 604px) 100vw, 604px\" \/><\/a><\/p>\n<p><a href=\"http:\/\/www.inacreditavel.pt\/wp-content\/uploads\/sites\/17\/2014\/08\/20140815_184314.jpg\"><img loading=\"lazy\" decoding=\"async\" src=\"http:\/\/www.inacreditavel.pt\/wp-content\/uploads\/sites\/17\/2014\/08\/20140815_184314-1024x768.jpg\" alt=\"20140815_184314\" width=\"604\" height=\"453\" class=\"aligncenter size-large wp-image-21557\" srcset=\"http:\/\/www.inacreditavel.pt\/wp-content\/uploads\/sites\/17\/2014\/08\/20140815_184314-1024x768.jpg 1024w, http:\/\/www.inacreditavel.pt\/wp-content\/uploads\/sites\/17\/2014\/08\/20140815_184314-300x225.jpg 300w, http:\/\/www.inacreditavel.pt\/wp-content\/uploads\/sites\/17\/2014\/08\/20140815_184314.jpg 2048w\" sizes=\"(max-width: 604px) 100vw, 604px\" \/><\/a><\/p>\n<p>A estimativa das dimens\u00f5es da copa foi feita com base num mapa de sat\u00e9lite do Google Maps. Segue a imagem:<\/p>\n<p><a href=\"http:\/\/www.inacreditavel.pt\/wp-content\/uploads\/sites\/17\/2014\/08\/oliveira.jpg\"><img loading=\"lazy\" decoding=\"async\" src=\"http:\/\/www.inacreditavel.pt\/wp-content\/uploads\/sites\/17\/2014\/08\/oliveira.jpg\" alt=\"oliveira\" width=\"867\" height=\"671\" class=\"aligncenter size-full wp-image-21562\" srcset=\"http:\/\/www.inacreditavel.pt\/wp-content\/uploads\/sites\/17\/2014\/08\/oliveira.jpg 867w, http:\/\/www.inacreditavel.pt\/wp-content\/uploads\/sites\/17\/2014\/08\/oliveira-300x232.jpg 300w\" sizes=\"(max-width: 867px) 100vw, 867px\" \/><\/a><\/p>\n<p><strong>2 dias depois&#8230;<\/strong><\/p>\n<p>Hoje, 23 de agosto, fui medir a sombra da copa da oliveira. Eram 11h30m, a sombra estava bastante vertical. O mais vertical em Portugal continental, de ver\u00e3o, \u00e9 \u00e0s 13h30m, e no dia 21 de junho; e ainda temos um arco de quase 14\u00ba at\u00e9 ao tr\u00f3pico de c\u00e2ncer, onde \u00e9 mesmo vertical. Mas apesar de tudo, a deforma\u00e7\u00e3o da copa na sombra projetada n\u00e3o deve ser muito grande. O di\u00e2metro m\u00e1ximo da sombra da copa \u00e9 11,8 metros. N\u00e3o medi o di\u00e2metro ortogonal a este, mas se olharmos para a imagem de satelite do google maps acima, podemos estimar, proporcionalmente, uma copa com 11,8m por quase 11m.<\/p>\n<p>Juntos pela oliveira com mais de 3000 anos!<\/p>\n<p><a href=\"http:\/\/www.inacreditavel.pt\/wp-content\/uploads\/sites\/17\/2014\/08\/oliveira-familia.jpg\"><img loading=\"lazy\" decoding=\"async\" src=\"http:\/\/www.inacreditavel.pt\/wp-content\/uploads\/sites\/17\/2014\/08\/oliveira-familia.jpg\" alt=\"oliveira-familia\" width=\"720\" height=\"960\" class=\"aligncenter size-full wp-image-21564\" srcset=\"http:\/\/www.inacreditavel.pt\/wp-content\/uploads\/sites\/17\/2014\/08\/oliveira-familia.jpg 720w, http:\/\/www.inacreditavel.pt\/wp-content\/uploads\/sites\/17\/2014\/08\/oliveira-familia-225x300.jpg 225w\" sizes=\"(max-width: 720px) 100vw, 720px\" \/><\/a><\/p>\n","protected":false},"excerpt":{"rendered":"<p>A oliveira mais antiga do mundo! Bem&#8230; como vou enviar isto para aprova\u00e7\u00e3o pela UTAD vou ser um pouco mais comedido que o usual. Provavelmente esta \u00e9 a oliveira mais antiga do pa\u00eds, dever\u00e1 ter mais de 3000 anos. Tem 10,32m de per\u00edmetro na base, 8,1m de altura, e 11m por 10m de di\u00e2metro na [&hellip;]<\/p>\n","protected":false},"author":1,"featured_media":0,"comment_status":"open","ping_status":"closed","sticky":false,"template":"","format":"standard","meta":{"footnotes":""},"categories":[232,1],"tags":[],"_links":{"self":[{"href":"http:\/\/www.inacreditavel.pt\/index.php?rest_route=\/wp\/v2\/posts\/21545"}],"collection":[{"href":"http:\/\/www.inacreditavel.pt\/index.php?rest_route=\/wp\/v2\/posts"}],"about":[{"href":"http:\/\/www.inacreditavel.pt\/index.php?rest_route=\/wp\/v2\/types\/post"}],"author":[{"embeddable":true,"href":"http:\/\/www.inacreditavel.pt\/index.php?rest_route=\/wp\/v2\/users\/1"}],"replies":[{"embeddable":true,"href":"http:\/\/www.inacreditavel.pt\/index.php?rest_route=%2Fwp%2Fv2%2Fcomments&post=21545"}],"version-history":[{"count":13,"href":"http:\/\/www.inacreditavel.pt\/index.php?rest_route=\/wp\/v2\/posts\/21545\/revisions"}],"predecessor-version":[{"id":23815,"href":"http:\/\/www.inacreditavel.pt\/index.php?rest_route=\/wp\/v2\/posts\/21545\/revisions\/23815"}],"wp:attachment":[{"href":"http:\/\/www.inacreditavel.pt\/index.php?rest_route=%2Fwp%2Fv2%2Fmedia&parent=21545"}],"wp:term":[{"taxonomy":"category","embeddable":true,"href":"http:\/\/www.inacreditavel.pt\/index.php?rest_route=%2Fwp%2Fv2%2Fcategories&post=21545"},{"taxonomy":"post_tag","embeddable":true,"href":"http:\/\/www.inacreditavel.pt\/index.php?rest_route=%2Fwp%2Fv2%2Ftags&post=21545"}],"curies":[{"name":"wp","href":"https:\/\/api.w.org\/{rel}","templated":true}]}}