{"id":21107,"date":"2014-02-23T12:00:02","date_gmt":"2014-02-23T12:00:02","guid":{"rendered":"http:\/\/www.inacreditavel.pt\/?p=21107"},"modified":"2014-02-23T12:11:22","modified_gmt":"2014-02-23T12:11:22","slug":"uff","status":"publish","type":"post","link":"http:\/\/www.inacreditavel.pt\/?p=21107","title":{"rendered":"Uff!"},"content":{"rendered":"<figure id=\"attachment_21116\" aria-describedby=\"caption-attachment-21116\" style=\"width: 259px\" class=\"wp-caption aligncenter\"><a href=\"http:\/\/www.inacreditavel.pt\/wp-content\/uploads\/sites\/17\/2014\/02\/BarrosoUff.jpg\"><img loading=\"lazy\" decoding=\"async\" src=\"http:\/\/www.inacreditavel.pt\/wp-content\/uploads\/sites\/17\/2014\/02\/BarrosoUff.jpg\" alt=\"Agora j\u00e1 posso fazer outra.\" width=\"259\" height=\"194\" class=\"size-full wp-image-21116\" \/><\/a><figcaption id=\"caption-attachment-21116\" class=\"wp-caption-text\">Uffff!!  L\u00e1 me safei de mais esta.<\/figcaption><\/figure>\n<p>Uff!! Consegui! A Ucr\u00e2nia cedeu. Estava a ver que n\u00e3o.<br \/>\nAlinhei bem e vou ser magnificamente recompensado.<br \/>\nUma brilhante carreira internacional.<br \/>\nSou o Ronaldo da pol\u00edtica externa portuguesa.<\/p>\n<p>J\u00e1 n\u00e3o preciso de concorrer a PR. Pode ser o Marcelo.<br \/>\nVou dizer ao Passos para actuar de imediato.<\/p>\n<p><a href=\"http:\/\/www.tsf.pt\/PaginaInicial\/Portugal\/Interior.aspx?content_id=3701941\" target=\"_blank\">Marcelo cede \u00e0 emo\u00e7\u00e3o, voa para Lisboa e levanta Congresso.<\/a><\/p>\n<p>Feito!<br \/>\nSou at\u00e9 melhor que o Ronaldo.<br \/>\n&#8211; &#8211; &#8211;<br \/>\n<figure id=\"attachment_21119\" aria-describedby=\"caption-attachment-21119\" style=\"width: 341px\" class=\"wp-caption aligncenter\"><a href=\"http:\/\/www.inacreditavel.pt\/wp-content\/uploads\/sites\/17\/2014\/02\/EhOMarcelo.jpg\"><img loading=\"lazy\" decoding=\"async\" src=\"http:\/\/www.inacreditavel.pt\/wp-content\/uploads\/sites\/17\/2014\/02\/EhOMarcelo.jpg\" alt=\"O Barroso tem coisa melhor. Tem de ser o Marcelo.\" width=\"341\" height=\"237\" class=\"size-full wp-image-21119\" srcset=\"http:\/\/www.inacreditavel.pt\/wp-content\/uploads\/sites\/17\/2014\/02\/EhOMarcelo.jpg 341w, http:\/\/www.inacreditavel.pt\/wp-content\/uploads\/sites\/17\/2014\/02\/EhOMarcelo-300x208.jpg 300w\" sizes=\"(max-width: 341px) 100vw, 341px\" \/><\/a><figcaption id=\"caption-attachment-21119\" class=\"wp-caption-text\">O Barroso j\u00e1 n\u00e3o vem. Uff!!!<\/figcaption><\/figure><\/p>\n","protected":false},"excerpt":{"rendered":"<p>Uff!! Consegui! A Ucr\u00e2nia cedeu. Estava a ver que n\u00e3o. Alinhei bem e vou ser magnificamente recompensado. Uma brilhante carreira internacional. Sou o Ronaldo da pol\u00edtica externa portuguesa. J\u00e1 n\u00e3o preciso de concorrer a PR. Pode ser o Marcelo. Vou dizer ao Passos para actuar de imediato. Marcelo cede \u00e0 emo\u00e7\u00e3o, voa para Lisboa e [&hellip;]<\/p>\n","protected":false},"author":17,"featured_media":0,"comment_status":"open","ping_status":"closed","sticky":false,"template":"","format":"standard","meta":{"footnotes":""},"categories":[18,13,1,256,14],"tags":[],"_links":{"self":[{"href":"http:\/\/www.inacreditavel.pt\/index.php?rest_route=\/wp\/v2\/posts\/21107"}],"collection":[{"href":"http:\/\/www.inacreditavel.pt\/index.php?rest_route=\/wp\/v2\/posts"}],"about":[{"href":"http:\/\/www.inacreditavel.pt\/index.php?rest_route=\/wp\/v2\/types\/post"}],"author":[{"embeddable":true,"href":"http:\/\/www.inacreditavel.pt\/index.php?rest_route=\/wp\/v2\/users\/17"}],"replies":[{"embeddable":true,"href":"http:\/\/www.inacreditavel.pt\/index.php?rest_route=%2Fwp%2Fv2%2Fcomments&post=21107"}],"version-history":[{"count":6,"href":"http:\/\/www.inacreditavel.pt\/index.php?rest_route=\/wp\/v2\/posts\/21107\/revisions"}],"predecessor-version":[{"id":21122,"href":"http:\/\/www.inacreditavel.pt\/index.php?rest_route=\/wp\/v2\/posts\/21107\/revisions\/21122"}],"wp:attachment":[{"href":"http:\/\/www.inacreditavel.pt\/index.php?rest_route=%2Fwp%2Fv2%2Fmedia&parent=21107"}],"wp:term":[{"taxonomy":"category","embeddable":true,"href":"http:\/\/www.inacreditavel.pt\/index.php?rest_route=%2Fwp%2Fv2%2Fcategories&post=21107"},{"taxonomy":"post_tag","embeddable":true,"href":"http:\/\/www.inacreditavel.pt\/index.php?rest_route=%2Fwp%2Fv2%2Ftags&post=21107"}],"curies":[{"name":"wp","href":"https:\/\/api.w.org\/{rel}","templated":true}]}}