{"id":207,"date":"2006-08-28T23:22:28","date_gmt":"2006-08-28T22:22:28","guid":{"rendered":"http:\/\/inacreditavel.ioio.info\/?p=207"},"modified":"2008-11-24T01:59:01","modified_gmt":"2008-11-24T01:59:01","slug":"cavaco-silva-deu-um-peido","status":"publish","type":"post","link":"http:\/\/www.inacreditavel.pt\/?p=207","title":{"rendered":"Cavaco Silva espirrou"},"content":{"rendered":"<p>O Cavaco n\u00e3o tem dado origem a not\u00edcias desde que foi eleito. H\u00e1 que desculp\u00e1-lo. O homem n\u00e3o tinha experi\u00eancia nenhuma do cargo de presidente do Benfica, desculpem, de Portugal.<\/p>\n<p>Vai da\u00ed, o homem espirrou e os jornais encheram-se de manchetes. Veja-se o P\u00fablico online de hoje:<\/p>\n<ul>\n<li><a href=\"http:\/\/publico.clix.pt\/shownews.asp?id=1268514&#038;idCanal=21\">Cavaco Silva convoca Conselho Superior de Defesa Nacional para quarta-feira<\/a><\/li>\n<li><a href=\"http:\/\/publico.clix.pt\/shownews.asp?id=1268498\">Cavaco Silva: envio de militares portugueses para o L\u00edbano &#8220;\u00e9 absolutamente natural&#8221;<\/a><\/li>\n<li><a href=\"http:\/\/publico.clix.pt\/shownews.asp?id=1268434\">Presidente da Rep\u00fablica analisa hoje envio de tropas para o L\u00edbano<\/a><\/li>\n<\/ul>\n<p>Se o envio de militares \u00e9 &#8220;absolutamente natural&#8221;, onde \u00e9 que est\u00e1 a not\u00edcia? E antes disso, a not\u00edcia de que o homem ia analisar o envio&#8230; Se j\u00e1 se sabia que o pedido tinha sido feito por Kofi Annan, e que, nesses termos, o envio era perfeitamente natural&#8230; Porque \u00e9 que n\u00e3o noticiam o que o homem comeu ao almo\u00e7o?<\/p>\n","protected":false},"excerpt":{"rendered":"<p>O Cavaco n\u00e3o tem dado origem a not\u00edcias desde que foi eleito. H\u00e1 que desculp\u00e1-lo. O homem n\u00e3o tinha experi\u00eancia nenhuma do cargo de presidente do Benfica, desculpem, de Portugal. Vai da\u00ed, o homem espirrou e os jornais encheram-se de manchetes. Veja-se o P\u00fablico online de hoje: Cavaco Silva convoca Conselho Superior de Defesa Nacional [&hellip;]<\/p>\n","protected":false},"author":1,"featured_media":0,"comment_status":"open","ping_status":"open","sticky":false,"template":"","format":"standard","meta":{"footnotes":""},"categories":[1],"tags":[],"_links":{"self":[{"href":"http:\/\/www.inacreditavel.pt\/index.php?rest_route=\/wp\/v2\/posts\/207"}],"collection":[{"href":"http:\/\/www.inacreditavel.pt\/index.php?rest_route=\/wp\/v2\/posts"}],"about":[{"href":"http:\/\/www.inacreditavel.pt\/index.php?rest_route=\/wp\/v2\/types\/post"}],"author":[{"embeddable":true,"href":"http:\/\/www.inacreditavel.pt\/index.php?rest_route=\/wp\/v2\/users\/1"}],"replies":[{"embeddable":true,"href":"http:\/\/www.inacreditavel.pt\/index.php?rest_route=%2Fwp%2Fv2%2Fcomments&post=207"}],"version-history":[{"count":1,"href":"http:\/\/www.inacreditavel.pt\/index.php?rest_route=\/wp\/v2\/posts\/207\/revisions"}],"predecessor-version":[{"id":4436,"href":"http:\/\/www.inacreditavel.pt\/index.php?rest_route=\/wp\/v2\/posts\/207\/revisions\/4436"}],"wp:attachment":[{"href":"http:\/\/www.inacreditavel.pt\/index.php?rest_route=%2Fwp%2Fv2%2Fmedia&parent=207"}],"wp:term":[{"taxonomy":"category","embeddable":true,"href":"http:\/\/www.inacreditavel.pt\/index.php?rest_route=%2Fwp%2Fv2%2Fcategories&post=207"},{"taxonomy":"post_tag","embeddable":true,"href":"http:\/\/www.inacreditavel.pt\/index.php?rest_route=%2Fwp%2Fv2%2Ftags&post=207"}],"curies":[{"name":"wp","href":"https:\/\/api.w.org\/{rel}","templated":true}]}}