{"id":20075,"date":"2013-04-04T17:14:30","date_gmt":"2013-04-04T17:14:30","guid":{"rendered":"http:\/\/www.inacreditavel.pt\/?p=20075"},"modified":"2013-04-06T22:55:11","modified_gmt":"2013-04-06T22:55:11","slug":"relvas-o-percursor","status":"publish","type":"post","link":"http:\/\/www.inacreditavel.pt\/?p=20075","title":{"rendered":"Relvas, o precursor?"},"content":{"rendered":"<p>Faltando-lhe as condi\u00e7\u00f5es an\u00edmicas, demitiu-se o Relvas<\/p>\n<p>E em breve, faltando-lhe as condi\u00e7\u00f5es an\u00edmico-constitucionais este governo far\u00e1 o qu\u00ea?<\/p>\n<p>No turbilh\u00e3o, todos se esquecem do Relvas&#8230; que consegue sair de cena apenas chamuscado quando todos o consideravam esturricado.<\/p>\n<p>Mas o turbilh\u00e3p continua.<br \/>\nSegundo resgate \u00e0 vsita?<br \/>\nPelo sim pelo n\u00e3o os capitais t\u00eam estado a migrar.<br \/>\nDor de corno, dor de chifre, dor de Chipre.<\/p>\n<p>Quantos j\u00e1 foram encornados pelas promessas dos pol\u00edticos?<\/p>\n<p>Livra!<\/p>\n<figure id=\"attachment_20077\" aria-describedby=\"caption-attachment-20077\" style=\"width: 300px\" class=\"wp-caption aligncenter\"><a href=\"http:\/\/www.inacreditavel.pt\/wp-content\/uploads\/sites\/17\/2013\/04\/RelvasBoys.jpg\"><img loading=\"lazy\" decoding=\"async\" src=\"http:\/\/www.inacreditavel.pt\/wp-content\/uploads\/sites\/17\/2013\/04\/RelvasBoys-300x169.jpg\" alt=\"Estudos para qu\u00ea?\" width=\"300\" height=\"169\" class=\"size-medium wp-image-20077\" srcset=\"http:\/\/www.inacreditavel.pt\/wp-content\/uploads\/sites\/17\/2013\/04\/RelvasBoys-300x169.jpg 300w, http:\/\/www.inacreditavel.pt\/wp-content\/uploads\/sites\/17\/2013\/04\/RelvasBoys.jpg 390w\" sizes=\"(max-width: 300px) 100vw, 300px\" \/><\/a><figcaption id=\"caption-attachment-20077\" class=\"wp-caption-text\">Vai estudar, oh Relvas!<\/figcaption><\/figure>\n","protected":false},"excerpt":{"rendered":"<p>Faltando-lhe as condi\u00e7\u00f5es an\u00edmicas, demitiu-se o Relvas E em breve, faltando-lhe as condi\u00e7\u00f5es an\u00edmico-constitucionais este governo far\u00e1 o qu\u00ea? No turbilh\u00e3o, todos se esquecem do Relvas&#8230; que consegue sair de cena apenas chamuscado quando todos o consideravam esturricado. Mas o turbilh\u00e3p continua. Segundo resgate \u00e0 vsita? Pelo sim pelo n\u00e3o os capitais t\u00eam estado a [&hellip;]<\/p>\n","protected":false},"author":10,"featured_media":0,"comment_status":"open","ping_status":"closed","sticky":false,"template":"","format":"standard","meta":{"footnotes":""},"categories":[18,13,1,6,256,14,19,8],"tags":[],"_links":{"self":[{"href":"http:\/\/www.inacreditavel.pt\/index.php?rest_route=\/wp\/v2\/posts\/20075"}],"collection":[{"href":"http:\/\/www.inacreditavel.pt\/index.php?rest_route=\/wp\/v2\/posts"}],"about":[{"href":"http:\/\/www.inacreditavel.pt\/index.php?rest_route=\/wp\/v2\/types\/post"}],"author":[{"embeddable":true,"href":"http:\/\/www.inacreditavel.pt\/index.php?rest_route=\/wp\/v2\/users\/10"}],"replies":[{"embeddable":true,"href":"http:\/\/www.inacreditavel.pt\/index.php?rest_route=%2Fwp%2Fv2%2Fcomments&post=20075"}],"version-history":[{"count":3,"href":"http:\/\/www.inacreditavel.pt\/index.php?rest_route=\/wp\/v2\/posts\/20075\/revisions"}],"predecessor-version":[{"id":20083,"href":"http:\/\/www.inacreditavel.pt\/index.php?rest_route=\/wp\/v2\/posts\/20075\/revisions\/20083"}],"wp:attachment":[{"href":"http:\/\/www.inacreditavel.pt\/index.php?rest_route=%2Fwp%2Fv2%2Fmedia&parent=20075"}],"wp:term":[{"taxonomy":"category","embeddable":true,"href":"http:\/\/www.inacreditavel.pt\/index.php?rest_route=%2Fwp%2Fv2%2Fcategories&post=20075"},{"taxonomy":"post_tag","embeddable":true,"href":"http:\/\/www.inacreditavel.pt\/index.php?rest_route=%2Fwp%2Fv2%2Ftags&post=20075"}],"curies":[{"name":"wp","href":"https:\/\/api.w.org\/{rel}","templated":true}]}}