{"id":2003,"date":"2008-05-31T12:29:18","date_gmt":"2008-05-31T12:29:18","guid":{"rendered":"http:\/\/inacreditavel.ioio.info\/?p=2003"},"modified":"2008-05-31T12:33:16","modified_gmt":"2008-05-31T12:33:16","slug":"o-petroleo-vai-descer","status":"publish","type":"post","link":"http:\/\/www.inacreditavel.pt\/?p=2003","title":{"rendered":"O petr\u00f3leo vai descer"},"content":{"rendered":"<p>Ganh\u00e1mos o euromilh\u00f5es e o crude vai baixar.<br \/>\nO S\u00f3crates n\u00e3o sabe, mas a OPEP \u00e9 ele!<br \/>\nEle manda na Galp atrav\u00e9s da Golden Share. A Galp tem v\u00e1rios po\u00e7os, entre os quais os do Brasil, onde as reservas s\u00e3o maiores que as da Ar\u00e1bia.<br \/>\nLogo a Galp tem mais petr\u00f3leo que a Ar\u00e1bia, logo a Galp \u00e9 a OPEP, logo quem manda na Galp manda na OPEP.<br \/>\nOra, a treta do mercado tem de terminar. O mercado \u00e9 a selva, o salve-se quem puder econ\u00f3mico. A civiliza\u00e7\u00e3o, essa laboriosa constru\u00e7\u00e3o humana ao longo de mil\u00e9nios, n\u00e3o \u00e9 a selva, n\u00e3o \u00e9 o mercado. O mercado puro \u00e9 o abandono da civiliza\u00e7\u00e3o, o regresso \u00e0 selvejaria do salve-se quem puder. O Estado tem responsabilidades e disse \u00e0 Galp para baixar os pre\u00e7os, pois quem faz o mercado \u00e9 ela. Afinal vender aos pre\u00e7os de mercado \u00e9 o que se faz sempre, quando se \u00e9 um Market Maker. Por isso, come\u00e7ando a Galp a vender mais barato, todo os outros v\u00e3o ter de ir atr\u00e1s.<br \/>\nO S\u00f3crates n\u00e3o sabe, mas a OPEP \u00e9 ele.<br \/>\nIgnorante!<br \/>\nO que nos tem custado a ignor\u00e2ncia dele&#8230;<br \/>\nFelizmente este chornal est\u00e1 aqui para repor a verdade!<\/p>\n","protected":false},"excerpt":{"rendered":"<p>Ganh\u00e1mos o euromilh\u00f5es e o crude vai baixar. O S\u00f3crates n\u00e3o sabe, mas a OPEP \u00e9 ele! Ele manda na Galp atrav\u00e9s da Golden Share. A Galp tem v\u00e1rios po\u00e7os, entre os quais os do Brasil, onde as reservas s\u00e3o maiores que as da Ar\u00e1bia. Logo a Galp tem mais petr\u00f3leo que a Ar\u00e1bia, logo [&hellip;]<\/p>\n","protected":false},"author":10,"featured_media":0,"comment_status":"open","ping_status":"closed","sticky":false,"template":"","format":"standard","meta":{"footnotes":""},"categories":[18,14,19],"tags":[],"_links":{"self":[{"href":"http:\/\/www.inacreditavel.pt\/index.php?rest_route=\/wp\/v2\/posts\/2003"}],"collection":[{"href":"http:\/\/www.inacreditavel.pt\/index.php?rest_route=\/wp\/v2\/posts"}],"about":[{"href":"http:\/\/www.inacreditavel.pt\/index.php?rest_route=\/wp\/v2\/types\/post"}],"author":[{"embeddable":true,"href":"http:\/\/www.inacreditavel.pt\/index.php?rest_route=\/wp\/v2\/users\/10"}],"replies":[{"embeddable":true,"href":"http:\/\/www.inacreditavel.pt\/index.php?rest_route=%2Fwp%2Fv2%2Fcomments&post=2003"}],"version-history":[{"count":0,"href":"http:\/\/www.inacreditavel.pt\/index.php?rest_route=\/wp\/v2\/posts\/2003\/revisions"}],"wp:attachment":[{"href":"http:\/\/www.inacreditavel.pt\/index.php?rest_route=%2Fwp%2Fv2%2Fmedia&parent=2003"}],"wp:term":[{"taxonomy":"category","embeddable":true,"href":"http:\/\/www.inacreditavel.pt\/index.php?rest_route=%2Fwp%2Fv2%2Fcategories&post=2003"},{"taxonomy":"post_tag","embeddable":true,"href":"http:\/\/www.inacreditavel.pt\/index.php?rest_route=%2Fwp%2Fv2%2Ftags&post=2003"}],"curies":[{"name":"wp","href":"https:\/\/api.w.org\/{rel}","templated":true}]}}