{"id":19958,"date":"2013-03-10T22:16:27","date_gmt":"2013-03-10T22:16:27","guid":{"rendered":"http:\/\/www.inacreditavel.pt\/?p=19958"},"modified":"2013-03-10T22:32:47","modified_gmt":"2013-03-10T22:32:47","slug":"descoberto-homem-que-nao-descende-de-adao","status":"publish","type":"post","link":"http:\/\/www.inacreditavel.pt\/?p=19958","title":{"rendered":"Descoberto homem que n\u00e3o descende de Ad\u00e3o"},"content":{"rendered":"<p>Ora aqui est\u00e1 uma coisa inacredit\u00e1vel:<br \/>\nUm homem que n\u00e3o descende do pai Ad\u00e3o!<br \/>\nAfinal havia outro&#8230;<\/p>\n<p>Porque \u00e9 que isso n\u00e3o me surpreende?<\/p>\n<p>&#8211; &#8211; &#8211;<br \/>\n<a href=\"http:\/\/www.dailymail.co.uk\/sciencetech\/article-2289492\/The-family-tree-test-rewrote-human-history-Researchers-stunned-DNA-submitted-online-service-dates-338-000-years.html\">Parece que se chamava Albert Perry.<\/a> O Alberto, claro! O irm\u00e3o do Perry. Que tinha ido para os Estados Unidos e nunca mais se soube nada dele. Agora \u00e9 famoso. Vem nas capas e tudo.<\/p>\n<p><a href=\"http:\/\/www.sciencedirect.com\/science\/article\/pii\/S0002929713000736\">Tinha ascend\u00eancia da zona da Guin\u00e1 Bissau &#8211; Camar\u00f5es &#8211; Senegal<\/a><br \/>\nS\u00f3 podia.<br \/>\nAinda v\u00e3o descobrir que o irm\u00e3o vive em Portugal. <\/p>\n<p><a href=\"http:\/\/passeurdesciences.blog.lemonde.fr\/2013\/03\/10\/homme-qui-ne-descendait-pas-d-adam\/\">E agora? Que v\u00e3o fazer as religi\u00f5es monote\u00edstas que fazem f\u00e9 no Chornal do \u00ecncr\u00edvel mais antigo que h\u00e1 mem\u00f3ria (um tal chornal que d\u00e1 pelo nome de Antigo Testamento e que est\u00e1 cheio de hist\u00f3rias incr\u00edveis e inacredit\u00e1veis. Como a do pai Ad\u00e3o&#8230;. )?<\/a><br \/>\nEsperemos pelo pr\u00f3ximo papa.<\/p>\n<p>S\u00f3 mesmo neste planeta&#8230;<\/p>\n","protected":false},"excerpt":{"rendered":"<p>Ora aqui est\u00e1 uma coisa inacredit\u00e1vel: Um homem que n\u00e3o descende do pai Ad\u00e3o! Afinal havia outro&#8230; Porque \u00e9 que isso n\u00e3o me surpreende? &#8211; &#8211; &#8211; Parece que se chamava Albert Perry. O Alberto, claro! O irm\u00e3o do Perry. Que tinha ido para os Estados Unidos e nunca mais se soube nada dele. Agora [&hellip;]<\/p>\n","protected":false},"author":19,"featured_media":0,"comment_status":"open","ping_status":"closed","sticky":false,"template":"","format":"standard","meta":{"footnotes":""},"categories":[232,13,1,14,7,19,8],"tags":[],"_links":{"self":[{"href":"http:\/\/www.inacreditavel.pt\/index.php?rest_route=\/wp\/v2\/posts\/19958"}],"collection":[{"href":"http:\/\/www.inacreditavel.pt\/index.php?rest_route=\/wp\/v2\/posts"}],"about":[{"href":"http:\/\/www.inacreditavel.pt\/index.php?rest_route=\/wp\/v2\/types\/post"}],"author":[{"embeddable":true,"href":"http:\/\/www.inacreditavel.pt\/index.php?rest_route=\/wp\/v2\/users\/19"}],"replies":[{"embeddable":true,"href":"http:\/\/www.inacreditavel.pt\/index.php?rest_route=%2Fwp%2Fv2%2Fcomments&post=19958"}],"version-history":[{"count":7,"href":"http:\/\/www.inacreditavel.pt\/index.php?rest_route=\/wp\/v2\/posts\/19958\/revisions"}],"predecessor-version":[{"id":19973,"href":"http:\/\/www.inacreditavel.pt\/index.php?rest_route=\/wp\/v2\/posts\/19958\/revisions\/19973"}],"wp:attachment":[{"href":"http:\/\/www.inacreditavel.pt\/index.php?rest_route=%2Fwp%2Fv2%2Fmedia&parent=19958"}],"wp:term":[{"taxonomy":"category","embeddable":true,"href":"http:\/\/www.inacreditavel.pt\/index.php?rest_route=%2Fwp%2Fv2%2Fcategories&post=19958"},{"taxonomy":"post_tag","embeddable":true,"href":"http:\/\/www.inacreditavel.pt\/index.php?rest_route=%2Fwp%2Fv2%2Ftags&post=19958"}],"curies":[{"name":"wp","href":"https:\/\/api.w.org\/{rel}","templated":true}]}}