{"id":19454,"date":"2012-12-07T08:01:50","date_gmt":"2012-12-07T08:01:50","guid":{"rendered":"http:\/\/www.inacreditavel.pt\/?p=19454"},"modified":"2012-12-07T08:07:14","modified_gmt":"2012-12-07T08:07:14","slug":"ja-nao-percebo-nada","status":"publish","type":"post","link":"http:\/\/www.inacreditavel.pt\/?p=19454","title":{"rendered":"J\u00e1 n\u00e3o percebo nada?&#8230;"},"content":{"rendered":"<p>Ent\u00e3o agora o BPN \u00e9 na Alemanha?<br \/>\nComo \u00e9 que eu vou ter clientes para os meus cozinhados?<\/p>\n<blockquote><p><a href=\"http:\/\/www.publico.pt\/economia\/noticia\/deutsche-bank-acusado-de-ocultar-9-mil-milhoes-de-euros-em-divida-para-fugir-a-resgate-1576342\">O Deutsche Bank \u00e9 acusado de ter escondido 9230 milh\u00f5es de euros em d\u00edvidas durante o pico da crise financeira para mascarar as contas e evitar um resgate pelo Governo alem\u00e3o.<\/a><\/p><\/blockquote>\n<figure id=\"attachment_19465\" aria-describedby=\"caption-attachment-19465\" style=\"width: 300px\" class=\"wp-caption aligncenter\"><a href=\"http:\/\/www.inacreditavel.pt\/wp-content\/uploads\/sites\/17\/2012\/12\/DBank.jpg\"><img loading=\"lazy\" decoding=\"async\" src=\"http:\/\/www.inacreditavel.pt\/wp-content\/uploads\/sites\/17\/2012\/12\/DBank-300x197.jpg\" alt=\"O BPN emigrou para a Alemanha\" title=\"Deutsche Bank\" width=\"300\" height=\"197\" class=\"size-medium wp-image-19465\" srcset=\"http:\/\/www.inacreditavel.pt\/wp-content\/uploads\/sites\/17\/2012\/12\/DBank-300x197.jpg 300w, http:\/\/www.inacreditavel.pt\/wp-content\/uploads\/sites\/17\/2012\/12\/DBank.jpg 749w\" sizes=\"(max-width: 300px) 100vw, 300px\" \/><\/a><figcaption id=\"caption-attachment-19465\" class=\"wp-caption-text\">Gato escondido com o rabo de fora<\/figcaption><\/figure>\n","protected":false},"excerpt":{"rendered":"<p>Ent\u00e3o agora o BPN \u00e9 na Alemanha? Como \u00e9 que eu vou ter clientes para os meus cozinhados? O Deutsche Bank \u00e9 acusado de ter escondido 9230 milh\u00f5es de euros em d\u00edvidas durante o pico da crise financeira para mascarar as contas e evitar um resgate pelo Governo alem\u00e3o.<\/p>\n","protected":false},"author":20,"featured_media":0,"comment_status":"open","ping_status":"closed","sticky":false,"template":"","format":"standard","meta":{"footnotes":""},"categories":[21,1,256,14,19,206],"tags":[],"_links":{"self":[{"href":"http:\/\/www.inacreditavel.pt\/index.php?rest_route=\/wp\/v2\/posts\/19454"}],"collection":[{"href":"http:\/\/www.inacreditavel.pt\/index.php?rest_route=\/wp\/v2\/posts"}],"about":[{"href":"http:\/\/www.inacreditavel.pt\/index.php?rest_route=\/wp\/v2\/types\/post"}],"author":[{"embeddable":true,"href":"http:\/\/www.inacreditavel.pt\/index.php?rest_route=\/wp\/v2\/users\/20"}],"replies":[{"embeddable":true,"href":"http:\/\/www.inacreditavel.pt\/index.php?rest_route=%2Fwp%2Fv2%2Fcomments&post=19454"}],"version-history":[{"count":4,"href":"http:\/\/www.inacreditavel.pt\/index.php?rest_route=\/wp\/v2\/posts\/19454\/revisions"}],"predecessor-version":[{"id":19464,"href":"http:\/\/www.inacreditavel.pt\/index.php?rest_route=\/wp\/v2\/posts\/19454\/revisions\/19464"}],"wp:attachment":[{"href":"http:\/\/www.inacreditavel.pt\/index.php?rest_route=%2Fwp%2Fv2%2Fmedia&parent=19454"}],"wp:term":[{"taxonomy":"category","embeddable":true,"href":"http:\/\/www.inacreditavel.pt\/index.php?rest_route=%2Fwp%2Fv2%2Fcategories&post=19454"},{"taxonomy":"post_tag","embeddable":true,"href":"http:\/\/www.inacreditavel.pt\/index.php?rest_route=%2Fwp%2Fv2%2Ftags&post=19454"}],"curies":[{"name":"wp","href":"https:\/\/api.w.org\/{rel}","templated":true}]}}