{"id":17957,"date":"2011-11-24T16:19:03","date_gmt":"2011-11-24T16:19:03","guid":{"rendered":"http:\/\/inacreditavel.ioio.info\/?p=17957"},"modified":"2011-11-24T16:24:25","modified_gmt":"2011-11-24T16:24:25","slug":"passos-demite-se-venha-o-borges","status":"publish","type":"post","link":"http:\/\/www.inacreditavel.pt\/?p=17957","title":{"rendered":"Passos demite-se, venha o Borges"},"content":{"rendered":"<p>No seguimento da baixa de nota\u00e7\u00e3o da d\u00edvida portuguesa para &#8220;lixo&#8221; pelo Fitch, o S\u00f3crates foi com os c\u00e3es. Depois de ter havido uma Greve Geral, n\u00e3o durou 6 meses.<\/p>\n<p>Passos Coelho, ainda antes desta outra Greve Geral, j\u00e1 avisava que n\u00e3o era homem para aguentar com o crescente conflito social. Falava em mandar a pol\u00edcia se algu\u00e9m se atrevesse a afront\u00e1-lo. Em resposta, o Ex\u00e9rcito disse que estava do lado do povo. Depois, promulgou um Or\u00e7amento que vai condenar o Pa\u00eds \u00e0 mis\u00e9ria, esperava ele passageira. <a title=\"Fitch: Portugal &quot;lixo&quot;\" href=\"http:\/\/economia.publico.pt\/Noticia\/fitch-corta-rating-portugues-por-causa-do-baixo-crescimento-1522345\">Mas agora o Fitch cortou-lhe as vazas<\/a>.<\/p>\n<p>O que vai acontecer em breve \u00e9 ele voltar para a calma de Massam\u00e1, a ver se n\u00e3o lhe limpam o sebo da pr\u00f3xima vez que for a banhos \u00e0 Manta Rota. A Troyka vai exigir que apare\u00e7a um Chefe de Governo &#8220;tecnocrata&#8221; que continue a implementar &#8220;reformas&#8221; austerit\u00e1rias, a bem da Na\u00e7\u00e3o. Um gajo que conhe\u00e7a os meandros do FMI, por exemplo. Tipo o Borges. <a title=\"Borges demite-se do FeMI\" href=\"http:\/\/economia.publico.pt\/Noticia\/antonio-borges-demitese-do-fmi_1521259\" target=\"_blank\">Que, veja-se a sorte, at\u00e9 est\u00e1 dispon\u00edvel<\/a>!<\/p>\n","protected":false},"excerpt":{"rendered":"<p>No seguimento da baixa de nota\u00e7\u00e3o da d\u00edvida portuguesa para &#8220;lixo&#8221; pelo Fitch, o S\u00f3crates foi com os c\u00e3es. Depois de ter havido uma Greve Geral, n\u00e3o durou 6 meses. Passos Coelho, ainda antes desta outra Greve Geral, j\u00e1 avisava que n\u00e3o era homem para aguentar com o crescente conflito social. Falava em mandar a [&hellip;]<\/p>\n","protected":false},"author":21,"featured_media":0,"comment_status":"open","ping_status":"closed","sticky":false,"template":"","format":"standard","meta":{"footnotes":""},"categories":[13,256,19,206],"tags":[],"_links":{"self":[{"href":"http:\/\/www.inacreditavel.pt\/index.php?rest_route=\/wp\/v2\/posts\/17957"}],"collection":[{"href":"http:\/\/www.inacreditavel.pt\/index.php?rest_route=\/wp\/v2\/posts"}],"about":[{"href":"http:\/\/www.inacreditavel.pt\/index.php?rest_route=\/wp\/v2\/types\/post"}],"author":[{"embeddable":true,"href":"http:\/\/www.inacreditavel.pt\/index.php?rest_route=\/wp\/v2\/users\/21"}],"replies":[{"embeddable":true,"href":"http:\/\/www.inacreditavel.pt\/index.php?rest_route=%2Fwp%2Fv2%2Fcomments&post=17957"}],"version-history":[{"count":4,"href":"http:\/\/www.inacreditavel.pt\/index.php?rest_route=\/wp\/v2\/posts\/17957\/revisions"}],"predecessor-version":[{"id":17960,"href":"http:\/\/www.inacreditavel.pt\/index.php?rest_route=\/wp\/v2\/posts\/17957\/revisions\/17960"}],"wp:attachment":[{"href":"http:\/\/www.inacreditavel.pt\/index.php?rest_route=%2Fwp%2Fv2%2Fmedia&parent=17957"}],"wp:term":[{"taxonomy":"category","embeddable":true,"href":"http:\/\/www.inacreditavel.pt\/index.php?rest_route=%2Fwp%2Fv2%2Fcategories&post=17957"},{"taxonomy":"post_tag","embeddable":true,"href":"http:\/\/www.inacreditavel.pt\/index.php?rest_route=%2Fwp%2Fv2%2Ftags&post=17957"}],"curies":[{"name":"wp","href":"https:\/\/api.w.org\/{rel}","templated":true}]}}