{"id":17220,"date":"2011-07-30T09:20:06","date_gmt":"2011-07-30T09:20:06","guid":{"rendered":"http:\/\/inacreditavel.ioio.info\/?p=17220"},"modified":"2011-07-30T09:21:33","modified_gmt":"2011-07-30T09:21:33","slug":"17220","status":"publish","type":"post","link":"http:\/\/www.inacreditavel.pt\/?p=17220","title":{"rendered":"Baby suicida"},"content":{"rendered":"<p><a href=\"http:\/\/www.dn.pt\/inicio\/pessoas\/interior.aspx?content_id=1923197\">&#8220;N\u00e3o, n\u00e3o me tentei suicidar!&#8221;<\/a><\/p>\n<p><a href=\"http:\/\/www.dn.pt\/inicio\/pessoas\/interior.aspx?content_id=1929843\">S\u00f3nia Braz\u00e3o constitu\u00edda arguida<\/a><\/p>\n<p><a href=\"http:\/\/www.dn.pt\/inicio\/pessoas\/interior.aspx?content_id=1930039\">S\u00f3nia Braz\u00e3o arrisca pena at\u00e9 dez anos de pris\u00e3o<\/a><\/p>\n<p><a href=\"http:\/\/www.dn.pt\/especiais\/interior.aspx?content_id=1934011&amp;especial=Revistas%20de%20Imprensa&amp;seccao=TV%20e%20MEDIA\">S\u00f3nia Braz\u00e3o: \u00e1lcool e comprimidos antes da explos\u00e3o<\/a><\/p>\n<p>No pr\u00f3prio dia da explos\u00e3o o Chornal apresentou aqui uma an\u00e1lise dos acontecimentos, mais tarde confirmada pela inspec\u00e7\u00e3o dos bombeiros e da PJ. A actriz suicida foi constitu\u00edda arguida e sabe-se agora que antes de provocar a explos\u00e3o se encharcou de \u00e1lcool e comprimidos.<\/p>\n<p>Boas f\u00e9rias<\/p>\n<p><iframe loading=\"lazy\" width=\"480\" height=\"390\" src=\"http:\/\/www.youtube.com\/embed\/sfGwxYlMIgk\" frameborder=\"0\" allowfullscreen><\/iframe><\/p>\n","protected":false},"excerpt":{"rendered":"<p>&#8220;N\u00e3o, n\u00e3o me tentei suicidar!&#8221; S\u00f3nia Braz\u00e3o constitu\u00edda arguida S\u00f3nia Braz\u00e3o arrisca pena at\u00e9 dez anos de pris\u00e3o S\u00f3nia Braz\u00e3o: \u00e1lcool e comprimidos antes da explos\u00e3o No pr\u00f3prio dia da explos\u00e3o o Chornal apresentou aqui uma an\u00e1lise dos acontecimentos, mais tarde confirmada pela inspec\u00e7\u00e3o dos bombeiros e da PJ. A actriz suicida foi constitu\u00edda arguida [&hellip;]<\/p>\n","protected":false},"author":1,"featured_media":0,"comment_status":"open","ping_status":"closed","sticky":false,"template":"","format":"standard","meta":{"footnotes":""},"categories":[17,1],"tags":[],"_links":{"self":[{"href":"http:\/\/www.inacreditavel.pt\/index.php?rest_route=\/wp\/v2\/posts\/17220"}],"collection":[{"href":"http:\/\/www.inacreditavel.pt\/index.php?rest_route=\/wp\/v2\/posts"}],"about":[{"href":"http:\/\/www.inacreditavel.pt\/index.php?rest_route=\/wp\/v2\/types\/post"}],"author":[{"embeddable":true,"href":"http:\/\/www.inacreditavel.pt\/index.php?rest_route=\/wp\/v2\/users\/1"}],"replies":[{"embeddable":true,"href":"http:\/\/www.inacreditavel.pt\/index.php?rest_route=%2Fwp%2Fv2%2Fcomments&post=17220"}],"version-history":[{"count":3,"href":"http:\/\/www.inacreditavel.pt\/index.php?rest_route=\/wp\/v2\/posts\/17220\/revisions"}],"predecessor-version":[{"id":17222,"href":"http:\/\/www.inacreditavel.pt\/index.php?rest_route=\/wp\/v2\/posts\/17220\/revisions\/17222"}],"wp:attachment":[{"href":"http:\/\/www.inacreditavel.pt\/index.php?rest_route=%2Fwp%2Fv2%2Fmedia&parent=17220"}],"wp:term":[{"taxonomy":"category","embeddable":true,"href":"http:\/\/www.inacreditavel.pt\/index.php?rest_route=%2Fwp%2Fv2%2Fcategories&post=17220"},{"taxonomy":"post_tag","embeddable":true,"href":"http:\/\/www.inacreditavel.pt\/index.php?rest_route=%2Fwp%2Fv2%2Ftags&post=17220"}],"curies":[{"name":"wp","href":"https:\/\/api.w.org\/{rel}","templated":true}]}}