{"id":1695,"date":"2008-03-25T11:34:20","date_gmt":"2008-03-25T11:34:20","guid":{"rendered":"http:\/\/inacreditavel.ioio.info\/?p=1695"},"modified":"2008-03-25T11:34:20","modified_gmt":"2008-03-25T11:34:20","slug":"pascoa","status":"publish","type":"post","link":"http:\/\/www.inacreditavel.pt\/?p=1695","title":{"rendered":"P\u00e1scoa"},"content":{"rendered":"<p>Para os que n\u00e3o sabem porque raio o Carnaval e a P\u00e1scoa est\u00e3o sempre a mudar de data, a\u00ed vai a t\u00e3o aguardada explica\u00e7\u00e3o (que eu recebi por mail, de um amigo meu)<\/p>\n<p>A P\u00e1scoa \u00e9 sempre o primeiro Domingo depois da primeira lua cheia depois do equin\u00f3cio de Primavera (20 de Mar\u00e7o). Esta data\u00e7\u00e3o da P\u00e1scoa baseia-se no calend\u00e1rio lunar que o povo hebreu usava para identificar a P\u00e1scoa judaica, raz\u00e3o pela qual a P\u00e1scoa \u00e9 uma festa m\u00f3vel no calend\u00e1rio romano.<\/p>\n<p>E agora umas curiosidades:<\/p>\n<p>\u00a0Este ano a P\u00e1scoa acontece mais cedo do que qualquer um de n\u00f3s ir\u00e1 ver alguma vez na sua vida! E s\u00f3 os mais velhos da nossa popula\u00e7\u00e3o viram alguma vez uma P\u00e1scoa t\u00e3o tempor\u00e3 (mais velhos do que 95 anos!).<\/p>\n<p>Porqu\u00ea?<\/p>\n<p>\u00a01) A pr\u00f3xima vez que a P\u00e1scoa vai ser t\u00e3o cedo como este ano (23 de Mar\u00e7o) ser\u00e1 no ano 2228 (daqui a 220 anos). A \u00faltima vez que a P\u00e1scoa foi assim cedo foi em 1913.<\/p>\n<p>\u00a02) Na pr\u00f3xima vez que a P\u00e1scoa for um dia mais cedo, 22 de Mar\u00e7o, ser\u00e1 no ano 2285 (daqui a 277 anos). A \u00faltima vez que foi em 22 de Mar\u00e7o foi em 1818. Por isso, ningu\u00e9m que esteja vivo hoje, viu ou ir\u00e1 ver uma P\u00e1scoa mais cedo do que a deste ano.<\/p>\n<p>E\u00a0a ter\u00e7a-feira de\u00a0Carnaval \u00e9 40 dias (ou 41 nos anos bissextos) antes do Domingo de Ramos, que o Domingo imediatamente anterior \u00e1 P\u00e1scoa.<\/p>\n<p>Podem ir fazendo contas \u00e0 Lua Cheia e ao equin\u00f3cio da Primavera de 2009 \ud83d\ude42<\/p>\n","protected":false},"excerpt":{"rendered":"<p>Para os que n\u00e3o sabem porque raio o Carnaval e a P\u00e1scoa est\u00e3o sempre a mudar de data, a\u00ed vai a t\u00e3o aguardada explica\u00e7\u00e3o (que eu recebi por mail, de um amigo meu) A P\u00e1scoa \u00e9 sempre o primeiro Domingo depois da primeira lua cheia depois do equin\u00f3cio de Primavera (20 de Mar\u00e7o). Esta data\u00e7\u00e3o [&hellip;]<\/p>\n","protected":false},"author":4,"featured_media":0,"comment_status":"open","ping_status":"closed","sticky":false,"template":"","format":"standard","meta":{"footnotes":""},"categories":[18,13,14,8],"tags":[],"_links":{"self":[{"href":"http:\/\/www.inacreditavel.pt\/index.php?rest_route=\/wp\/v2\/posts\/1695"}],"collection":[{"href":"http:\/\/www.inacreditavel.pt\/index.php?rest_route=\/wp\/v2\/posts"}],"about":[{"href":"http:\/\/www.inacreditavel.pt\/index.php?rest_route=\/wp\/v2\/types\/post"}],"author":[{"embeddable":true,"href":"http:\/\/www.inacreditavel.pt\/index.php?rest_route=\/wp\/v2\/users\/4"}],"replies":[{"embeddable":true,"href":"http:\/\/www.inacreditavel.pt\/index.php?rest_route=%2Fwp%2Fv2%2Fcomments&post=1695"}],"version-history":[{"count":0,"href":"http:\/\/www.inacreditavel.pt\/index.php?rest_route=\/wp\/v2\/posts\/1695\/revisions"}],"wp:attachment":[{"href":"http:\/\/www.inacreditavel.pt\/index.php?rest_route=%2Fwp%2Fv2%2Fmedia&parent=1695"}],"wp:term":[{"taxonomy":"category","embeddable":true,"href":"http:\/\/www.inacreditavel.pt\/index.php?rest_route=%2Fwp%2Fv2%2Fcategories&post=1695"},{"taxonomy":"post_tag","embeddable":true,"href":"http:\/\/www.inacreditavel.pt\/index.php?rest_route=%2Fwp%2Fv2%2Ftags&post=1695"}],"curies":[{"name":"wp","href":"https:\/\/api.w.org\/{rel}","templated":true}]}}