{"id":1653,"date":"2008-03-21T20:46:34","date_gmt":"2008-03-21T20:46:34","guid":{"rendered":"http:\/\/inacreditavel.ioio.info\/?p=1653"},"modified":"2008-03-21T20:46:34","modified_gmt":"2008-03-21T20:46:34","slug":"vergonha","status":"publish","type":"post","link":"http:\/\/www.inacreditavel.pt\/?p=1653","title":{"rendered":"vergonha!!!!"},"content":{"rendered":"<p>Gosto de ser professor porque gosto de ensinar. No ensino sempre me pautei pelo rigor e isen\u00e7\u00e3o e sempre respeitei quer alunos quer colegas, como gosto que me respeitem tamb\u00e9m a mim. Al\u00e9m disso, ainda me lembro dos professores que me marcaram, porque com eles aprendi, e daqueles que me fizeram mudar comportamentos, atitudes e mesmo a carreira profissional.<\/p>\n<p>Sou professor universit\u00e1rio h\u00e1 muitos anos, mas antes fui professor do ensino sencund\u00e1rio. Numa altura em que\u00a0a sociedade civil j\u00e1 apresentava alguma maturidade em termos de &#8220;liberdade&#8221; (pelo menos de express\u00e3o), mas j\u00e1 come\u00e7ava a dar mostras que cedo descambava no descr\u00e9dito daquela profiss\u00e3o. Deix\u00e1mos de ser vistos como agentes ensinantes, e formadores, e pass\u00e1mos a ser vistos como <em>baby-siters<\/em> pelas ordes de pap\u00e1s que n\u00e3o apresentam a m\u00ednima considera\u00e7\u00e3o pelo trabalho dos &#8220;ensinantes&#8221;, querem \u00e9 que lhes tomem conta dos filhos. Os alunos, esses passaram a ver os <em>profs<\/em> n\u00e3o como uma figura de <em>mestre<\/em> que se respeita\u00a0 porque nos ensina (ali\u00e1s, deixou de haver respeito nesta sociedade <em>fast-food<\/em>), mas\u00a0quase\u00a0como os (igualmente necess\u00e1rios) auxiliares educativos ou, pior, como inimigos a <em>abater<\/em>.<\/p>\n<p>A educa\u00e7\u00e3o est\u00e1 um caos (<a href=\"http:\/\/www.inacreditavel.pt\/?p=1404\">j\u00e1 aqui o referimos v\u00e1rias vezes<\/a>), mas <a href=\"http:\/\/clix.expresso.pt\/gen.pl?p=stories&amp;op=view&amp;fokey=ex.stories\/272662\">os valores de respeito da sociedade<\/a>, infelizmente, tamb\u00e9m.<\/p>\n<p>Bater num professor deixou de ser pun\u00edvel com expuls\u00e3o da escola. Filmar com o telem\u00f3vel na sala de aula, at\u00e9 \u00e9 &#8220;fixe&#8221;. Uma participa\u00e7\u00e3o de um aluno ainda tr\u00e1s mais problemas ao professor e \u00e0 escola (aproveitamento escolar), por isso, cala-se, como se cala a viol\u00eancia dom\u00e9stica. A <a href=\"http:\/\/www.inacreditavel.pt\/?p=1576\">inseguran\u00e7a instalou-se<\/a>, a viol\u00eancia tamb\u00e9m.<\/p>\n<p>Al\u00e9m disso estes jovens ser\u00e3o os futuros <em>adultos, cidad\u00e3os de pleno direito, votantes.<\/em>\u00a0O que vir\u00e1 a seguir? Bater em quem quer que seja na rua ou em casa, deixar\u00e1 de ser pun\u00edvel (ponto)!!!!!! Vai deixar de fazer sentido a APAV?, e a pol\u00edcia? Que leis nos v\u00e3o reger no futuro?<\/p>\n<p>\u00a0Sou professor e temo pelo futuro, pelo desrespeito pelo cidad\u00e3o.<\/p>\n","protected":false},"excerpt":{"rendered":"<p>Gosto de ser professor porque gosto de ensinar. No ensino sempre me pautei pelo rigor e isen\u00e7\u00e3o e sempre respeitei quer alunos quer colegas, como gosto que me respeitem tamb\u00e9m a mim. Al\u00e9m disso, ainda me lembro dos professores que me marcaram, porque com eles aprendi, e daqueles que me fizeram mudar comportamentos, atitudes e [&hellip;]<\/p>\n","protected":false},"author":12,"featured_media":0,"comment_status":"open","ping_status":"closed","sticky":false,"template":"","format":"standard","meta":{"footnotes":""},"categories":[13,1,19,8],"tags":[134],"_links":{"self":[{"href":"http:\/\/www.inacreditavel.pt\/index.php?rest_route=\/wp\/v2\/posts\/1653"}],"collection":[{"href":"http:\/\/www.inacreditavel.pt\/index.php?rest_route=\/wp\/v2\/posts"}],"about":[{"href":"http:\/\/www.inacreditavel.pt\/index.php?rest_route=\/wp\/v2\/types\/post"}],"author":[{"embeddable":true,"href":"http:\/\/www.inacreditavel.pt\/index.php?rest_route=\/wp\/v2\/users\/12"}],"replies":[{"embeddable":true,"href":"http:\/\/www.inacreditavel.pt\/index.php?rest_route=%2Fwp%2Fv2%2Fcomments&post=1653"}],"version-history":[{"count":0,"href":"http:\/\/www.inacreditavel.pt\/index.php?rest_route=\/wp\/v2\/posts\/1653\/revisions"}],"wp:attachment":[{"href":"http:\/\/www.inacreditavel.pt\/index.php?rest_route=%2Fwp%2Fv2%2Fmedia&parent=1653"}],"wp:term":[{"taxonomy":"category","embeddable":true,"href":"http:\/\/www.inacreditavel.pt\/index.php?rest_route=%2Fwp%2Fv2%2Fcategories&post=1653"},{"taxonomy":"post_tag","embeddable":true,"href":"http:\/\/www.inacreditavel.pt\/index.php?rest_route=%2Fwp%2Fv2%2Ftags&post=1653"}],"curies":[{"name":"wp","href":"https:\/\/api.w.org\/{rel}","templated":true}]}}