{"id":16201,"date":"2011-03-15T18:50:43","date_gmt":"2011-03-15T18:50:43","guid":{"rendered":"http:\/\/inacreditavel.ioio.info\/?p=16201"},"modified":"2011-03-16T01:00:54","modified_gmt":"2011-03-16T01:00:54","slug":"nuclear-sim-obrigado","status":"publish","type":"post","link":"http:\/\/www.inacreditavel.pt\/?p=16201","title":{"rendered":"Nuclear sim, obrigado!"},"content":{"rendered":"<p><img decoding=\"async\" src=\"http:\/\/imagens.publico.pt\/imagens.aspx\/332828?tp=UH&#038;db=IMAGENS&#038;w=350\" alt=\"fukushima\" \/><\/p>\n<p><a href=\"http:\/\/publico.pt\/Mundo\/uniao-europeia-fala-de-apocalipse-no-japao_1484811\">Uni\u00e3o Europeia fala de \u201capocalipse\u201d no Jap\u00e3o<\/a><\/p>\n<p><a href=\"http:\/\/publico.pt\/Mundo\/alemanha-encerra-reactores-nucleares-mais-antigos_1484901\">Alemanha encerra reactores nucleares mais antigos<\/a><\/p>\n<p><a href=\"http:\/\/publico.pt\/Mundo\/portugal-e-espanha-tem-planos-de-emergencia-para-almaraz_1484941\">Portugal e Espanha t\u00eam planos de emerg\u00eancia para Almaraz<\/a><\/p>\n<p>eh eh eh&#8230; palha\u00e7os&#8230;<\/p>\n<p><a href=\"http:\/\/publico.pt\/Mundo\/debate-sobre-nuclear-esta-relancado_1484847\">Portugal relan\u00e7a a discuss\u00e3o sobre o nuclear<\/a><\/p>\n<p>Vem mesmo a calhar agora um reactor nuclear em Portugal. Porque \u00e9 que n\u00e3o compram o de Fukushima&#8230; deve estar em saldo&#8230;<\/p>\n<p>Viv\u00f3 Nuclear<br \/>\nViv\u00f3 Cavaco<br \/>\nViva Portugal<\/p>\n","protected":false},"excerpt":{"rendered":"<p>Uni\u00e3o Europeia fala de \u201capocalipse\u201d no Jap\u00e3o Alemanha encerra reactores nucleares mais antigos Portugal e Espanha t\u00eam planos de emerg\u00eancia para Almaraz eh eh eh&#8230; palha\u00e7os&#8230; Portugal relan\u00e7a a discuss\u00e3o sobre o nuclear Vem mesmo a calhar agora um reactor nuclear em Portugal. Porque \u00e9 que n\u00e3o compram o de Fukushima&#8230; deve estar em saldo&#8230; [&hellip;]<\/p>\n","protected":false},"author":1,"featured_media":0,"comment_status":"open","ping_status":"closed","sticky":false,"template":"","format":"standard","meta":{"footnotes":""},"categories":[232,19,206],"tags":[],"_links":{"self":[{"href":"http:\/\/www.inacreditavel.pt\/index.php?rest_route=\/wp\/v2\/posts\/16201"}],"collection":[{"href":"http:\/\/www.inacreditavel.pt\/index.php?rest_route=\/wp\/v2\/posts"}],"about":[{"href":"http:\/\/www.inacreditavel.pt\/index.php?rest_route=\/wp\/v2\/types\/post"}],"author":[{"embeddable":true,"href":"http:\/\/www.inacreditavel.pt\/index.php?rest_route=\/wp\/v2\/users\/1"}],"replies":[{"embeddable":true,"href":"http:\/\/www.inacreditavel.pt\/index.php?rest_route=%2Fwp%2Fv2%2Fcomments&post=16201"}],"version-history":[{"count":3,"href":"http:\/\/www.inacreditavel.pt\/index.php?rest_route=\/wp\/v2\/posts\/16201\/revisions"}],"predecessor-version":[{"id":16204,"href":"http:\/\/www.inacreditavel.pt\/index.php?rest_route=\/wp\/v2\/posts\/16201\/revisions\/16204"}],"wp:attachment":[{"href":"http:\/\/www.inacreditavel.pt\/index.php?rest_route=%2Fwp%2Fv2%2Fmedia&parent=16201"}],"wp:term":[{"taxonomy":"category","embeddable":true,"href":"http:\/\/www.inacreditavel.pt\/index.php?rest_route=%2Fwp%2Fv2%2Fcategories&post=16201"},{"taxonomy":"post_tag","embeddable":true,"href":"http:\/\/www.inacreditavel.pt\/index.php?rest_route=%2Fwp%2Fv2%2Ftags&post=16201"}],"curies":[{"name":"wp","href":"https:\/\/api.w.org\/{rel}","templated":true}]}}