{"id":16127,"date":"2011-03-08T16:34:11","date_gmt":"2011-03-08T16:34:11","guid":{"rendered":"http:\/\/inacreditavel.ioio.info\/?p=16127"},"modified":"2011-03-08T20:30:42","modified_gmt":"2011-03-08T20:30:42","slug":"horta-iii","status":"publish","type":"post","link":"http:\/\/www.inacreditavel.pt\/?p=16127","title":{"rendered":"Horta &#8211; III"},"content":{"rendered":"<p>Hoje fui comprar mais umas plantas e espalhei-as pelo jardim. Para n\u00e3o me esquecer, aqui fica a sequ\u00eancia das videiras, a contar a partir da esquerda:<\/p>\n<ol>\n<li>D. Maria, branca, de mesa<\/li>\n<li>Inc\u00f3gnita, tinta, de mesa<\/li>\n<li>D. Maria, branca, de mesa<\/li>\n<li>Red Globe, tinta, de mesa<\/li>\n<li>Touriga Nacional, tinta, de vinho<\/li>\n<li>Tinta Roriz, tinta, de vinho<\/li>\n<li>Afonso Levelle, tinta, de mesa<\/li>\n<li>D. Maria, branca, de mesa<\/li>\n<li>Afonso Levelle, tinta, de mesa<\/li>\n<li>Cardinal, tinta, de mesa<\/li>\n<\/ol>\n<p>Plantei tamb\u00e9m uma macieira bravo esmolfe para juntar \u00e0s outras \u00e1rvores de fruto da horta: pessegueiro, cerejeira, limoeiro, tagerineira, bananeira, medronheiros (4+1), ameixeira, nepereiras (4), oliveiras (3), alfarrobeira, rom\u00e3zeira, marmeleiro, amendoeira, pinheiros (3), e dezenas de morangueiros que d\u00e3o morangos de Mar\u00e7o a Dezembro.<\/p>\n<p>Mas isto n\u00e3o vai ficar assim<\/p>\n<p><img decoding=\"async\" src=\"http:\/\/www.inacreditavel.pt\/wp-content\/uploads\/sites\/17\/1998\/04\/cardinal.jpg\" alt=\"cardinal\" \/><br \/>\n<small>Uva cardinal<\/small><br \/>\n<img decoding=\"async\" src=\"http:\/\/www.inacreditavel.pt\/wp-content\/uploads\/sites\/17\/1998\/04\/touriga.jpg\" alt=\"touriga\" \/><br \/>\n<small>Uva touriga nacional<\/small><br \/>\n<img decoding=\"async\" src=\"http:\/\/www.inacreditavel.pt\/wp-content\/uploads\/sites\/17\/1998\/04\/bananeira.jpg\" alt=\"bananeira\" \/><br \/>\n<small>Bananeira (banana ma\u00e7\u00e3) de S. Tom\u00e9<\/small><br \/>\n<img decoding=\"async\" src=\"http:\/\/www.inacreditavel.pt\/wp-content\/uploads\/sites\/17\/1998\/04\/amendoeira.jpg\" alt=\"amendoeira\" \/><br \/>\n<small>Amendoeira (am\u00eandoa algarvia da zona de Loul\u00e9)<\/small><br \/>\n<img decoding=\"async\" src=\"http:\/\/www.inacreditavel.pt\/wp-content\/uploads\/sites\/17\/1998\/04\/medronheiro.jpg\" alt=\"medronheiro\" \/><br \/>\n<small>Medronheiro (da Serra do Caldeir\u00e3o)<\/small><\/p>\n","protected":false},"excerpt":{"rendered":"<p>Hoje fui comprar mais umas plantas e espalhei-as pelo jardim. Para n\u00e3o me esquecer, aqui fica a sequ\u00eancia das videiras, a contar a partir da esquerda: D. Maria, branca, de mesa Inc\u00f3gnita, tinta, de mesa D. Maria, branca, de mesa Red Globe, tinta, de mesa Touriga Nacional, tinta, de vinho Tinta Roriz, tinta, de vinho [&hellip;]<\/p>\n","protected":false},"author":1,"featured_media":0,"comment_status":"open","ping_status":"closed","sticky":false,"template":"","format":"standard","meta":{"footnotes":""},"categories":[1],"tags":[],"_links":{"self":[{"href":"http:\/\/www.inacreditavel.pt\/index.php?rest_route=\/wp\/v2\/posts\/16127"}],"collection":[{"href":"http:\/\/www.inacreditavel.pt\/index.php?rest_route=\/wp\/v2\/posts"}],"about":[{"href":"http:\/\/www.inacreditavel.pt\/index.php?rest_route=\/wp\/v2\/types\/post"}],"author":[{"embeddable":true,"href":"http:\/\/www.inacreditavel.pt\/index.php?rest_route=\/wp\/v2\/users\/1"}],"replies":[{"embeddable":true,"href":"http:\/\/www.inacreditavel.pt\/index.php?rest_route=%2Fwp%2Fv2%2Fcomments&post=16127"}],"version-history":[{"count":5,"href":"http:\/\/www.inacreditavel.pt\/index.php?rest_route=\/wp\/v2\/posts\/16127\/revisions"}],"predecessor-version":[{"id":16130,"href":"http:\/\/www.inacreditavel.pt\/index.php?rest_route=\/wp\/v2\/posts\/16127\/revisions\/16130"}],"wp:attachment":[{"href":"http:\/\/www.inacreditavel.pt\/index.php?rest_route=%2Fwp%2Fv2%2Fmedia&parent=16127"}],"wp:term":[{"taxonomy":"category","embeddable":true,"href":"http:\/\/www.inacreditavel.pt\/index.php?rest_route=%2Fwp%2Fv2%2Fcategories&post=16127"},{"taxonomy":"post_tag","embeddable":true,"href":"http:\/\/www.inacreditavel.pt\/index.php?rest_route=%2Fwp%2Fv2%2Ftags&post=16127"}],"curies":[{"name":"wp","href":"https:\/\/api.w.org\/{rel}","templated":true}]}}