{"id":1558,"date":"2008-03-05T17:03:57","date_gmt":"2008-03-05T17:03:57","guid":{"rendered":"http:\/\/inacreditavel.ioio.info\/?p=1558"},"modified":"2008-03-05T17:06:15","modified_gmt":"2008-03-05T17:06:15","slug":"os-alunos-vao-ser-os-mais-penalizados-pela-avaliacao-ramiro-marques-dixit","status":"publish","type":"post","link":"http:\/\/www.inacreditavel.pt\/?p=1558","title":{"rendered":"&#8220;os alunos v\u00e3o ser os mais penalizados pela avalia\u00e7\u00e3o&#8221;, Ramiro Marques dixit"},"content":{"rendered":"<p>o imbr\u00f3glio do ensino (j\u00e1 nem lhe chamo educa\u00e7\u00e3o, por respeito \u00e0 palavra) continua &#8230; <a href=\"http:\/\/www.inacreditavel.pt\/index.php?s=educa%C3%A7%C3%A3o\">http:\/\/www.inacreditavel.pt\/index.php?s=educa%C3%A7%C3%A3o<\/a><\/p>\n<p>Eles s\u00e3o\u00a0<a href=\"http:\/\/www.destakes.com\/redir\/f1a7734b3ef1e254e0af72b119c003d6\"><font color=\"#306898\" face=\"Trebuchet MS\">vig\u00edlias em Beja<\/font><\/a>,\u00a0<a href=\"http:\/\/www.destakes.com\/redir\/18914c68d3c8101b6c152bfad9706ccf\"><font color=\"#306898\" face=\"Trebuchet MS\">protestos em Bragan\u00e7a<\/font><\/a> (e desta vez n\u00e3o\u00a0\u00e9 a associa\u00e7\u00e3o das mulheres bem casadas que n\u00e3o querem os maridos em bordeis), a FENPROF que exige e o\u00a0Minist\u00e9rio que vai apelar ao\u00a0Supremo <a href=\"http:\/\/www.destakes.com\/redir\/b59c9a124638a9b445b631bcc7a6c050\"><font color=\"#306898\" face=\"Trebuchet MS\">para n\u00e3o pagar milh\u00f5es das horas extraordin\u00e1rias n\u00e3o pagas<\/font><\/a>\u00a0, as vozes discordantes dentro do PS (Ana Benavente, entre outros) que <a href=\"http:\/\/www.destakes.com\/redir\/8793095398e1f6899ad5ef5ed9b40493\"><font color=\"#306898\" face=\"Trebuchet MS\">n\u00e3o sabem se se v\u00e3o manifestar<\/font><\/a>, o antigo \u00a0ministro Pedrosa que\u00a0<a href=\"http:\/\/www.destakes.com\/redir\/bbff6dc7a21555e14c1cf66efb5e0f98\"><font color=\"#306898\" face=\"Trebuchet MS\">apela ao bom senso<\/font><\/a>, e as vozes discordantes dos que at\u00e9 integram os grupos de trabalho sobre as &#8220;mudan\u00e7as em curso&#8221; que v\u00eaem dizer &#8211;<a href=\"http:\/\/jn.sapo.pt\/2008\/03\/04\/nacional\/alunos_ser_mais_penalizados_pela_ava.html\">not\u00edcia do JN<\/a>&#8211; que &#8220;os alunos v\u00e3o ser os mais penalizados pela avalia\u00e7\u00e3o&#8221;.<\/p>\n<p>Nem \u00e9 novidade&#8230; sempre que se tem mexido no sistema de ensino h\u00e1 sempre 2 tipos de cidad\u00e3os que sofrem as consequ\u00eancias -os professores e os alunos&#8230;<\/p>\n","protected":false},"excerpt":{"rendered":"<p>o imbr\u00f3glio do ensino (j\u00e1 nem lhe chamo educa\u00e7\u00e3o, por respeito \u00e0 palavra) continua &#8230; http:\/\/www.inacreditavel.pt\/index.php?s=educa%C3%A7%C3%A3o Eles s\u00e3o\u00a0vig\u00edlias em Beja,\u00a0protestos em Bragan\u00e7a (e desta vez n\u00e3o\u00a0\u00e9 a associa\u00e7\u00e3o das mulheres bem casadas que n\u00e3o querem os maridos em bordeis), a FENPROF que exige e o\u00a0Minist\u00e9rio que vai apelar ao\u00a0Supremo para n\u00e3o pagar milh\u00f5es das horas [&hellip;]<\/p>\n","protected":false},"author":12,"featured_media":0,"comment_status":"open","ping_status":"closed","sticky":false,"template":"","format":"standard","meta":{"footnotes":""},"categories":[1,8],"tags":[134,97,166],"_links":{"self":[{"href":"http:\/\/www.inacreditavel.pt\/index.php?rest_route=\/wp\/v2\/posts\/1558"}],"collection":[{"href":"http:\/\/www.inacreditavel.pt\/index.php?rest_route=\/wp\/v2\/posts"}],"about":[{"href":"http:\/\/www.inacreditavel.pt\/index.php?rest_route=\/wp\/v2\/types\/post"}],"author":[{"embeddable":true,"href":"http:\/\/www.inacreditavel.pt\/index.php?rest_route=\/wp\/v2\/users\/12"}],"replies":[{"embeddable":true,"href":"http:\/\/www.inacreditavel.pt\/index.php?rest_route=%2Fwp%2Fv2%2Fcomments&post=1558"}],"version-history":[{"count":0,"href":"http:\/\/www.inacreditavel.pt\/index.php?rest_route=\/wp\/v2\/posts\/1558\/revisions"}],"wp:attachment":[{"href":"http:\/\/www.inacreditavel.pt\/index.php?rest_route=%2Fwp%2Fv2%2Fmedia&parent=1558"}],"wp:term":[{"taxonomy":"category","embeddable":true,"href":"http:\/\/www.inacreditavel.pt\/index.php?rest_route=%2Fwp%2Fv2%2Fcategories&post=1558"},{"taxonomy":"post_tag","embeddable":true,"href":"http:\/\/www.inacreditavel.pt\/index.php?rest_route=%2Fwp%2Fv2%2Ftags&post=1558"}],"curies":[{"name":"wp","href":"https:\/\/api.w.org\/{rel}","templated":true}]}}