{"id":14509,"date":"2010-09-08T08:15:42","date_gmt":"2010-09-08T08:15:42","guid":{"rendered":"http:\/\/inacreditavel.ioio.info\/?p=14509"},"modified":"2010-09-08T08:16:07","modified_gmt":"2010-09-08T08:16:07","slug":"menos-abelhas","status":"publish","type":"post","link":"http:\/\/www.inacreditavel.pt\/?p=14509","title":{"rendered":"Menos abelhas"},"content":{"rendered":"<p>Mais um alerta sobre o desaparecimento das abelhas. No <a href=\"http:\/\/www.inacreditavel.pt\/?p=14456\">m\u00eas passado<\/a>, foi apenas uma sensa\u00e7\u00e3o vivida pelas popula\u00e7\u00f5es e, em particular, pelos apicultores portugueses. Desta vez s\u00e3o estudos com metodologia cient\u00edfica.<\/p>\n<p>O n\u00famero de abelhas diminuiu e diminuiu tamb\u00e9m a capacidade instalada de poliniza\u00e7\u00e3o. E isso j\u00e1 se sente, j\u00e1 \u00e9 mensur\u00e1vel, e foi detectado num estudo cient\u00edfico publicado por James Thompson, do Departamento de Ecologia da Universidade canadiana de Toronto. &#8220;Durante 17 anos, os cientistas mediram a poliniza\u00e7\u00e3o na flora selvagem de uma zona nas Montanhas Rochosas, no Colorado, EUA. Compraram at\u00e9 os terrenos, para garantir que n\u00e3o haveria interfer\u00eancia humana externa nestes ensaios.&#8221;<\/p>\n<p>Mas n\u00e3o \u00e9 apenas nos EUA que o desaparecimento das abelhas foi confirmado numericamente. Ontem, foi tamb\u00e9m divulgada a conclus\u00e3o de um estudo brit\u00e2nico, da Universidade de Stirling, segundo o qual a popula\u00e7\u00e3o de <span style=\"color: #0000ff;\">abelh\u00f5es<\/span> no Reino Unido est\u00e1 \u00e0 beira da extin\u00e7\u00e3o.<\/p>\n<p>ver mais <a href=\"http:\/\/dn.sapo.pt\/inicio\/ciencia\/interior.aspx?content_id=1657362&#038;seccao=Biosfera\">>><\/a><\/p>\n","protected":false},"excerpt":{"rendered":"<p>Mais um alerta sobre o desaparecimento das abelhas. No m\u00eas passado, foi apenas uma sensa\u00e7\u00e3o vivida pelas popula\u00e7\u00f5es e, em particular, pelos apicultores portugueses. Desta vez s\u00e3o estudos com metodologia cient\u00edfica. O n\u00famero de abelhas diminuiu e diminuiu tamb\u00e9m a capacidade instalada de poliniza\u00e7\u00e3o. E isso j\u00e1 se sente, j\u00e1 \u00e9 mensur\u00e1vel, e foi detectado [&hellip;]<\/p>\n","protected":false},"author":1,"featured_media":0,"comment_status":"open","ping_status":"closed","sticky":false,"template":"","format":"standard","meta":{"footnotes":""},"categories":[232,13],"tags":[],"_links":{"self":[{"href":"http:\/\/www.inacreditavel.pt\/index.php?rest_route=\/wp\/v2\/posts\/14509"}],"collection":[{"href":"http:\/\/www.inacreditavel.pt\/index.php?rest_route=\/wp\/v2\/posts"}],"about":[{"href":"http:\/\/www.inacreditavel.pt\/index.php?rest_route=\/wp\/v2\/types\/post"}],"author":[{"embeddable":true,"href":"http:\/\/www.inacreditavel.pt\/index.php?rest_route=\/wp\/v2\/users\/1"}],"replies":[{"embeddable":true,"href":"http:\/\/www.inacreditavel.pt\/index.php?rest_route=%2Fwp%2Fv2%2Fcomments&post=14509"}],"version-history":[{"count":2,"href":"http:\/\/www.inacreditavel.pt\/index.php?rest_route=\/wp\/v2\/posts\/14509\/revisions"}],"predecessor-version":[{"id":14511,"href":"http:\/\/www.inacreditavel.pt\/index.php?rest_route=\/wp\/v2\/posts\/14509\/revisions\/14511"}],"wp:attachment":[{"href":"http:\/\/www.inacreditavel.pt\/index.php?rest_route=%2Fwp%2Fv2%2Fmedia&parent=14509"}],"wp:term":[{"taxonomy":"category","embeddable":true,"href":"http:\/\/www.inacreditavel.pt\/index.php?rest_route=%2Fwp%2Fv2%2Fcategories&post=14509"},{"taxonomy":"post_tag","embeddable":true,"href":"http:\/\/www.inacreditavel.pt\/index.php?rest_route=%2Fwp%2Fv2%2Ftags&post=14509"}],"curies":[{"name":"wp","href":"https:\/\/api.w.org\/{rel}","templated":true}]}}