{"id":14456,"date":"2010-08-23T17:38:23","date_gmt":"2010-08-23T17:38:23","guid":{"rendered":"http:\/\/inacreditavel.ioio.info\/?p=14456"},"modified":"2010-08-23T17:41:47","modified_gmt":"2010-08-23T17:41:47","slug":"o-fim-da-historia","status":"publish","type":"post","link":"http:\/\/www.inacreditavel.pt\/?p=14456","title":{"rendered":"O Fim da Hist\u00f3ria"},"content":{"rendered":"<p><a href=\"http:\/\/www.publico.pt\/Ci%C3%AAncias\/as-abelhas-estao-a-desaparecer-do-pais-e-ninguem-sabe-porque_1452376\">As abelhas est\u00e3o a desaparecer do pa\u00eds e ningu\u00e9m sabe porqu\u00ea<\/a><\/p>\n<p>Einstein <a href=\"http:\/\/www.thedailygreen.com\/environmental-news\/latest\/2782\">teria dito<\/a> que no dia em que as abelhas desaparecessem, a humanidade morreria. O motivo \u00e9 simples: as abelhas desaparecem, deixam de polinizar e \u00e9 o fim da agricultura.<\/p>\n<p>Tudo indica que esse processo come\u00e7ou. E a rapidez com que est\u00e1 a acontecer, n\u00e3o nos deixa muitos anos \u00e0 frente.<\/p>\n<p>&#8220;Sempre que atendo o telem\u00f3vel, as abelhas rodeiam a minha m\u00e3o e n\u00e3o me largam. \u00c9 curioso.&#8221; diz Alberto Aguiar, apicultor, que perdeu mais de 80% das col\u00f3nias de abelhas nos anos mais recentes. &#8220;Elas desorientam-se, desaparecem e n\u00e3o voltam \u00e0s colmeias&#8230; h\u00e1 alguma coisa que interfere com elas.&#8221;<\/p>\n<p>N\u00e3o parece haver d\u00favida de que as radia\u00e7\u00f5es electromagn\u00e9ticas das esta\u00e7\u00f5es\/antenas de telem\u00f3veis s\u00e3o a causa primordial do problema. A causa primordial do decl\u00ednio da humanidade civilizada como a conhecemos hoje. Mais 4 ou 5 anos e vamos estar todos a morrer \u00e0 fome.<\/p>\n","protected":false},"excerpt":{"rendered":"<p>As abelhas est\u00e3o a desaparecer do pa\u00eds e ningu\u00e9m sabe porqu\u00ea Einstein teria dito que no dia em que as abelhas desaparecessem, a humanidade morreria. O motivo \u00e9 simples: as abelhas desaparecem, deixam de polinizar e \u00e9 o fim da agricultura. Tudo indica que esse processo come\u00e7ou. E a rapidez com que est\u00e1 a acontecer, [&hellip;]<\/p>\n","protected":false},"author":1,"featured_media":0,"comment_status":"open","ping_status":"closed","sticky":false,"template":"","format":"standard","meta":{"footnotes":""},"categories":[232,13],"tags":[],"_links":{"self":[{"href":"http:\/\/www.inacreditavel.pt\/index.php?rest_route=\/wp\/v2\/posts\/14456"}],"collection":[{"href":"http:\/\/www.inacreditavel.pt\/index.php?rest_route=\/wp\/v2\/posts"}],"about":[{"href":"http:\/\/www.inacreditavel.pt\/index.php?rest_route=\/wp\/v2\/types\/post"}],"author":[{"embeddable":true,"href":"http:\/\/www.inacreditavel.pt\/index.php?rest_route=\/wp\/v2\/users\/1"}],"replies":[{"embeddable":true,"href":"http:\/\/www.inacreditavel.pt\/index.php?rest_route=%2Fwp%2Fv2%2Fcomments&post=14456"}],"version-history":[{"count":2,"href":"http:\/\/www.inacreditavel.pt\/index.php?rest_route=\/wp\/v2\/posts\/14456\/revisions"}],"predecessor-version":[{"id":14458,"href":"http:\/\/www.inacreditavel.pt\/index.php?rest_route=\/wp\/v2\/posts\/14456\/revisions\/14458"}],"wp:attachment":[{"href":"http:\/\/www.inacreditavel.pt\/index.php?rest_route=%2Fwp%2Fv2%2Fmedia&parent=14456"}],"wp:term":[{"taxonomy":"category","embeddable":true,"href":"http:\/\/www.inacreditavel.pt\/index.php?rest_route=%2Fwp%2Fv2%2Fcategories&post=14456"},{"taxonomy":"post_tag","embeddable":true,"href":"http:\/\/www.inacreditavel.pt\/index.php?rest_route=%2Fwp%2Fv2%2Ftags&post=14456"}],"curies":[{"name":"wp","href":"https:\/\/api.w.org\/{rel}","templated":true}]}}